{"id":2991,"date":"2013-09-19T10:42:03","date_gmt":"2013-09-19T14:42:03","guid":{"rendered":"http:\/\/www.brazilianpress.com\/v1\/?p=2991"},"modified":"2013-09-19T15:35:01","modified_gmt":"2013-09-19T19:35:01","slug":"dilma-confirma-cancelamento-de-viagem-oficial-aos-eua","status":"publish","type":"post","link":"https:\/\/www.brazilianpress.com\/v1\/2013\/09\/19\/dilma-confirma-cancelamento-de-viagem-oficial-aos-eua\/","title":{"rendered":"Dilma confirma cancelamento de viagem oficial aos EUA"},"content":{"rendered":"<p>Numa decis\u00e3o que vinha sendo insinuada desde a revela\u00e7\u00e3o de que o governo americano espionara as comunica\u00e7\u00f5es da presidente Dilma Rousseff e da Petrobras, o Pal\u00e1cio do Planalto anunciou na ter\u00e7a-feira o cancelamento da viagem presidencial aos Estados Unidos, marcada para o dia 23 de outubro.<\/p>\n<p><img loading=\"lazy\" class=\"alignnone size-full wp-image-2992\" alt=\"dilma obama\" src=\"http:\/\/www.brazilianpress.com\/v1\/wp-content\/uploads\/2013\/09\/dilma-obama.jpg\" width=\"500\" height=\"332\" srcset=\"https:\/\/www.brazilianpress.com\/v1\/wp-content\/uploads\/2013\/09\/dilma-obama.jpg 500w, https:\/\/www.brazilianpress.com\/v1\/wp-content\/uploads\/2013\/09\/dilma-obama-300x199.jpg 300w\" sizes=\"(max-width: 500px) 100vw, 500px\" \/><\/p>\n<p>No governo, a avalia\u00e7\u00e3o \u00e9 de que n\u00e3o h\u00e1 clima para a viagem de Dilma ap\u00f3s as suspeitas de espionagem promovida pela Ag\u00eancia Nacional de Seguran\u00e7a (NSA, na sigla em ingl\u00eas) tendo o Brasil como alvo. O assunto foi tratado pela presidente em duas oportunidades com o colega americano Barack Obama \u2014 na c\u00fapula do G-20, em S\u00e3o Petersburgo, na semana passada, e na segunda-feira, por telefone \u2014, mas as explica\u00e7\u00f5es n\u00e3o teriam sido satisfat\u00f3rias, na opini\u00e3o do governo. Nem o Itamaraty nem a Presid\u00eancia revelaram detalhes da conversa de segunda-feira, que se iniciou \u00e0s 18h30min e durou 30 minutos.<!--more--><\/p>\n<p>O adiamento, afirmam interlocutores de Dilma, seria a melhor solu\u00e7\u00e3o, a fim de dar tempo para que o assunto saia do notici\u00e1rio e se possam discutir quest\u00f5es econ\u00f4micas. Na nota oficial sobre o assunto, o Planalto refere-se a &#8220;pr\u00e1ticas ilegais de intercepta\u00e7\u00e3o das comunica\u00e7\u00f5es e dados de cidad\u00e3os, empresas e membros do governo brasileiro&#8221; e qualifica o ocorrido de &#8220;fato grave, atentat\u00f3rio \u00e0 soberania nacional e aos direitos individuais&#8221;. O texto expressa o desejo do Planalto de que, &#8220;uma vez resolvida a quest\u00e3o de maneira adequada, a visita de Estado ocorra no prazo mais breve poss\u00edvel&#8221;.<\/p>\n<p>A resposta do Brasil foi informada com anteced\u00eancia aos Estados Unidos, e o an\u00fancio por meio de comunicado foi decidido de comum acordo, segundo o Planalto. Na semana que vem, no discurso de abertura da Assembleia Geral das Na\u00e7\u00f5es Unidas, em Nova York, Dilma pretende criticar o monitoramento. Duas semanas atr\u00e1s, a presidente havia mandado cancelar a viagem a Washington da equipe preparat\u00f3ria, que cuida de toda a log\u00edstica da visita e define os detalhes da agenda. Na semana passada, Dilma declarou que a ida dependeria de &#8220;condi\u00e7\u00f5es pol\u00edticas&#8221; a serem criadas por Obama.<\/p>\n<p>No Congresso, a oposi\u00e7\u00e3o dividiu-se sobre a decis\u00e3o. Enquanto DEM e PSDB concordam que a presidente teria errado em sua postura, o PSOL diz que a medida n\u00e3o resolve o problema da suposta espionagem do governo americano, mas considera que Dilma agiu corretamente ao ser mais &#8220;dura&#8221; com a pot\u00eancia do Norte. Membro da Comiss\u00e3o de Rela\u00e7\u00f5es Exteriores da C\u00e2mara dos Deputados, o deputado Eduardo Azeredo (PSDB-MG) avalia que a presidente brasileira foi precipitada e deveria aguardar uma explica\u00e7\u00e3o do governo Obama antes de cancelar o encontro. Azeredo acredita que Dilma tomou a decis\u00e3o &#8220;com base no conselho dos marqueteiros&#8221;.<\/p>\n<p>Num dia de mornid\u00e3o no notici\u00e1rio internacional, o cancelamento da visita da presidente ganhou destaque em meios de comunica\u00e7\u00e3o estrangeiros. Para o americano The Washington Post, a decis\u00e3o ser\u00e1 &#8220;no curto prazo, prejudicial para o pa\u00eds&#8221;. Para o espanhol El Pa\u00eds, o gesto foi &#8220;inteligente, mantendo de p\u00e9 a posi\u00e7\u00e3o brasileira de exigir mais explica\u00e7\u00f5es sobre a espionagem&#8221;.<\/p>\n","protected":false},"excerpt":{"rendered":"<p>Numa decis\u00e3o que vinha sendo insinuada desde a revela\u00e7\u00e3o de que o governo americano espionara as comunica\u00e7\u00f5es da presidente Dilma Rousseff e da Petrobras, o Pal\u00e1cio do Planalto anunciou na ter\u00e7a-feira o cancelamento da viagem presidencial aos Estados Unidos, marcada para o dia 23 de outubro. No governo, a avalia\u00e7\u00e3o \u00e9 de que n\u00e3o h\u00e1 clima para a viagem de Dilma ap\u00f3s as suspeitas de espionagem promovida pela Ag\u00eancia Nacional de Seguran\u00e7a (NSA, na sigla em ingl\u00eas) tendo o Brasil como alvo. O assunto foi tratado pela presidente em duas oportunidades com o colega americano Barack Obama \u2014 na c\u00fapula [&hellip;]<\/p>\n","protected":false},"author":1,"featured_media":2992,"comment_status":"open","ping_status":"open","sticky":false,"template":"","format":"standard","meta":{"_links_to":"","_links_to_target":""},"categories":[7,1],"tags":[],"views":3551,"_links":{"self":[{"href":"https:\/\/www.brazilianpress.com\/v1\/wp-json\/wp\/v2\/posts\/2991"}],"collection":[{"href":"https:\/\/www.brazilianpress.com\/v1\/wp-json\/wp\/v2\/posts"}],"about":[{"href":"https:\/\/www.brazilianpress.com\/v1\/wp-json\/wp\/v2\/types\/post"}],"author":[{"embeddable":true,"href":"https:\/\/www.brazilianpress.com\/v1\/wp-json\/wp\/v2\/users\/1"}],"replies":[{"embeddable":true,"href":"https:\/\/www.brazilianpress.com\/v1\/wp-json\/wp\/v2\/comments?post=2991"}],"version-history":[{"count":4,"href":"https:\/\/www.brazilianpress.com\/v1\/wp-json\/wp\/v2\/posts\/2991\/revisions"}],"predecessor-version":[{"id":3041,"href":"https:\/\/www.brazilianpress.com\/v1\/wp-json\/wp\/v2\/posts\/2991\/revisions\/3041"}],"wp:featuredmedia":[{"embeddable":true,"href":"https:\/\/www.brazilianpress.com\/v1\/wp-json\/wp\/v2\/media\/2992"}],"wp:attachment":[{"href":"https:\/\/www.brazilianpress.com\/v1\/wp-json\/wp\/v2\/media?parent=2991"}],"wp:term":[{"taxonomy":"category","embeddable":true,"href":"https:\/\/www.brazilianpress.com\/v1\/wp-json\/wp\/v2\/categories?post=2991"},{"taxonomy":"post_tag","embeddable":true,"href":"https:\/\/www.brazilianpress.com\/v1\/wp-json\/wp\/v2\/tags?post=2991"}],"curies":[{"name":"wp","href":"https:\/\/api.w.org\/{rel}","templated":true}]}}