{"id":2996,"date":"2013-09-19T10:47:03","date_gmt":"2013-09-19T14:47:03","guid":{"rendered":"http:\/\/www.brazilianpress.com\/v1\/?p=2996"},"modified":"2013-09-19T10:47:03","modified_gmt":"2013-09-19T14:47:03","slug":"homem-usa-mascara-de-obama-para-roubar-banco-nos-eua-e-acaba-preso","status":"publish","type":"post","link":"https:\/\/www.brazilianpress.com\/v1\/2013\/09\/19\/homem-usa-mascara-de-obama-para-roubar-banco-nos-eua-e-acaba-preso\/","title":{"rendered":"Homem usa m\u00e1scara de Obama para roubar banco nos EUA e acaba preso"},"content":{"rendered":"<p><img loading=\"lazy\" class=\"alignright size-medium wp-image-2997\" alt=\"bandido mascara obama\" src=\"http:\/\/www.brazilianpress.com\/v1\/wp-content\/uploads\/2013\/09\/bandido-mascara-obama-293x300.jpg\" width=\"293\" height=\"300\" srcset=\"https:\/\/www.brazilianpress.com\/v1\/wp-content\/uploads\/2013\/09\/bandido-mascara-obama-293x300.jpg 293w, https:\/\/www.brazilianpress.com\/v1\/wp-content\/uploads\/2013\/09\/bandido-mascara-obama.jpg 500w\" sizes=\"(max-width: 293px) 100vw, 293px\" \/>Um homem de 52 anos foi preso acusado de usar uma m\u00e1scara do presidente dos EUA, Barack Obama, para roubar um banco em Nova Hampshire.<\/p>\n<p>John Griffin Jr. foi detido pela pol\u00edcia de Merrimack acusado pelo crime. Ele foi levado para a cadeia com uma fian\u00e7a de US$ 75 mil.<\/p>\n","protected":false},"excerpt":{"rendered":"<p>Um homem de 52 anos foi preso acusado de usar uma m\u00e1scara do presidente dos EUA, Barack Obama, para roubar um banco em Nova Hampshire. John Griffin Jr. foi detido pela pol\u00edcia de Merrimack acusado pelo crime. Ele foi levado para a cadeia com uma fian\u00e7a de US$ 75 mil.<\/p>\n","protected":false},"author":1,"featured_media":2997,"comment_status":"open","ping_status":"open","sticky":false,"template":"","format":"standard","meta":{"_links_to":"","_links_to_target":""},"categories":[1,10],"tags":[],"views":2267,"_links":{"self":[{"href":"https:\/\/www.brazilianpress.com\/v1\/wp-json\/wp\/v2\/posts\/2996"}],"collection":[{"href":"https:\/\/www.brazilianpress.com\/v1\/wp-json\/wp\/v2\/posts"}],"about":[{"href":"https:\/\/www.brazilianpress.com\/v1\/wp-json\/wp\/v2\/types\/post"}],"author":[{"embeddable":true,"href":"https:\/\/www.brazilianpress.com\/v1\/wp-json\/wp\/v2\/users\/1"}],"replies":[{"embeddable":true,"href":"https:\/\/www.brazilianpress.com\/v1\/wp-json\/wp\/v2\/comments?post=2996"}],"version-history":[{"count":1,"href":"https:\/\/www.brazilianpress.com\/v1\/wp-json\/wp\/v2\/posts\/2996\/revisions"}],"predecessor-version":[{"id":2998,"href":"https:\/\/www.brazilianpress.com\/v1\/wp-json\/wp\/v2\/posts\/2996\/revisions\/2998"}],"wp:featuredmedia":[{"embeddable":true,"href":"https:\/\/www.brazilianpress.com\/v1\/wp-json\/wp\/v2\/media\/2997"}],"wp:attachment":[{"href":"https:\/\/www.brazilianpress.com\/v1\/wp-json\/wp\/v2\/media?parent=2996"}],"wp:term":[{"taxonomy":"category","embeddable":true,"href":"https:\/\/www.brazilianpress.com\/v1\/wp-json\/wp\/v2\/categories?post=2996"},{"taxonomy":"post_tag","embeddable":true,"href":"https:\/\/www.brazilianpress.com\/v1\/wp-json\/wp\/v2\/tags?post=2996"}],"curies":[{"name":"wp","href":"https:\/\/api.w.org\/{rel}","templated":true}]}}