{"id":3002,"date":"2013-09-19T10:50:28","date_gmt":"2013-09-19T14:50:28","guid":{"rendered":"http:\/\/www.brazilianpress.com\/v1\/?p=3002"},"modified":"2013-09-19T15:28:11","modified_gmt":"2013-09-19T19:28:11","slug":"autoridades-confirmam-seis-mortes-e-pelo-menos-580-desaparecidos-em-inundacoes-no-colorado","status":"publish","type":"post","link":"https:\/\/www.brazilianpress.com\/v1\/2013\/09\/19\/autoridades-confirmam-seis-mortes-e-pelo-menos-580-desaparecidos-em-inundacoes-no-colorado\/","title":{"rendered":"Autoridades confirmam seis mortes e pelo menos 580 desaparecidos em inunda\u00e7\u00f5es no Colorado"},"content":{"rendered":"<p>O n\u00famero oficial de mortos nas inunda\u00e7\u00f5es no estado do Colorado, no\u00a0centro-oeste dos\u00a0Estados Unidos,\u00a0foi revisto para baixo, situando-se em seis \u00f3bitos, informaram as autoridades na ter\u00e7a-feira.<\/p>\n<p><img loading=\"lazy\" class=\"alignnone size-full wp-image-3003\" alt=\"enchentes eua colorado\" src=\"http:\/\/www.brazilianpress.com\/v1\/wp-content\/uploads\/2013\/09\/enchentes-eua-colorado.jpg\" width=\"500\" height=\"332\" srcset=\"https:\/\/www.brazilianpress.com\/v1\/wp-content\/uploads\/2013\/09\/enchentes-eua-colorado.jpg 500w, https:\/\/www.brazilianpress.com\/v1\/wp-content\/uploads\/2013\/09\/enchentes-eua-colorado-300x199.jpg 300w\" sizes=\"(max-width: 500px) 100vw, 500px\" \/><\/p>\n<p>O Escrit\u00f3rio de Administra\u00e7\u00e3o de Emerg\u00eancias (COEM) do Colorado anunciou que duas pessoas dadas como mortas foram inclu\u00eddas na lista de pessoas de paradeiro desconhecido &#8220;para refletir seu estado com mais exatid\u00e3o&#8221;. O n\u00famero de desaparecidos era estimado em pelo menos 580 pessoas, na ter\u00e7a, embora as autoridades acreditem que a maioria ainda n\u00e3o tenha conseguido entrar em contato com os servi\u00e7os de socorro.<!--more--><\/p>\n<p>Um segundo dia de c\u00e9u mais claro ajudou as equipes de emerg\u00eancia a conseguir acesso \u00e0s zonas que ficaram devastadas por uma semana de chuvas torrenciais. Estradas foram destru\u00eddas, cidades ficaram completamente isoladas e desabastecidas, mais de 17 mil casas ficaram danificadas, e mais de 1,5 mil, destru\u00eddas. No total, cerca de 11,7 mil\u00a0pessoas foram obrigadas a deixar suas casas.<\/p>\n<p>As fortes chuvas come\u00e7aram a castigar o estado na semana passada. A localidade de Boulder foi especialmente afetada e j\u00e1 suportou 183 mil\u00edmetros de precipita\u00e7\u00e3o em cerca de 15 horas, na noite da \u00faltima quarta-feira.<\/p>\n","protected":false},"excerpt":{"rendered":"<p>O n\u00famero oficial de mortos nas inunda\u00e7\u00f5es no estado do Colorado, no\u00a0centro-oeste dos\u00a0Estados Unidos,\u00a0foi revisto para baixo, situando-se em seis \u00f3bitos, informaram as autoridades na ter\u00e7a-feira. O Escrit\u00f3rio de Administra\u00e7\u00e3o de Emerg\u00eancias (COEM) do Colorado anunciou que duas pessoas dadas como mortas foram inclu\u00eddas na lista de pessoas de paradeiro desconhecido &#8220;para refletir seu estado com mais exatid\u00e3o&#8221;. O n\u00famero de desaparecidos era estimado em pelo menos 580 pessoas, na ter\u00e7a, embora as autoridades acreditem que a maioria ainda n\u00e3o tenha conseguido entrar em contato com os servi\u00e7os de socorro.<\/p>\n","protected":false},"author":1,"featured_media":3003,"comment_status":"open","ping_status":"open","sticky":false,"template":"","format":"standard","meta":{"_links_to":"","_links_to_target":""},"categories":[1,10],"tags":[],"views":2497,"_links":{"self":[{"href":"https:\/\/www.brazilianpress.com\/v1\/wp-json\/wp\/v2\/posts\/3002"}],"collection":[{"href":"https:\/\/www.brazilianpress.com\/v1\/wp-json\/wp\/v2\/posts"}],"about":[{"href":"https:\/\/www.brazilianpress.com\/v1\/wp-json\/wp\/v2\/types\/post"}],"author":[{"embeddable":true,"href":"https:\/\/www.brazilianpress.com\/v1\/wp-json\/wp\/v2\/users\/1"}],"replies":[{"embeddable":true,"href":"https:\/\/www.brazilianpress.com\/v1\/wp-json\/wp\/v2\/comments?post=3002"}],"version-history":[{"count":2,"href":"https:\/\/www.brazilianpress.com\/v1\/wp-json\/wp\/v2\/posts\/3002\/revisions"}],"predecessor-version":[{"id":3032,"href":"https:\/\/www.brazilianpress.com\/v1\/wp-json\/wp\/v2\/posts\/3002\/revisions\/3032"}],"wp:featuredmedia":[{"embeddable":true,"href":"https:\/\/www.brazilianpress.com\/v1\/wp-json\/wp\/v2\/media\/3003"}],"wp:attachment":[{"href":"https:\/\/www.brazilianpress.com\/v1\/wp-json\/wp\/v2\/media?parent=3002"}],"wp:term":[{"taxonomy":"category","embeddable":true,"href":"https:\/\/www.brazilianpress.com\/v1\/wp-json\/wp\/v2\/categories?post=3002"},{"taxonomy":"post_tag","embeddable":true,"href":"https:\/\/www.brazilianpress.com\/v1\/wp-json\/wp\/v2\/tags?post=3002"}],"curies":[{"name":"wp","href":"https:\/\/api.w.org\/{rel}","templated":true}]}}