{"id":3009,"date":"2013-09-19T15:12:33","date_gmt":"2013-09-19T19:12:33","guid":{"rendered":"http:\/\/www.brazilianpress.com\/v1\/?p=3009"},"modified":"2013-09-19T15:12:33","modified_gmt":"2013-09-19T19:12:33","slug":"programa-de-bate-papo-com-celebridades-sera-gratuito-durante-o-51st-new-york-film-festival","status":"publish","type":"post","link":"https:\/\/www.brazilianpress.com\/v1\/2013\/09\/19\/programa-de-bate-papo-com-celebridades-sera-gratuito-durante-o-51st-new-york-film-festival\/","title":{"rendered":"Programa de Bate Papo com celebridades ser\u00e1 gratuito durante o 51st New York Film Festival"},"content":{"rendered":"<p><img loading=\"lazy\" class=\"alignright size-medium wp-image-3010\" alt=\"ny ff 51\" src=\"http:\/\/www.brazilianpress.com\/v1\/wp-content\/uploads\/2013\/09\/ny-ff-51-300x210.jpg\" width=\"300\" height=\"210\" srcset=\"https:\/\/www.brazilianpress.com\/v1\/wp-content\/uploads\/2013\/09\/ny-ff-51-300x210.jpg 300w, https:\/\/www.brazilianpress.com\/v1\/wp-content\/uploads\/2013\/09\/ny-ff-51.jpg 500w\" sizes=\"(max-width: 300px) 100vw, 300px\" \/>Roger Costa- Al\u00e9m dos filmes de sucesso que ser\u00e3o exibidos no 51st New York Film Festival, apresentando a estreia norte-americana de filmes consagrados na Am\u00e9rica e ao redor do mundo, bem como produ\u00e7\u00f5es premiadas nos Festivais mais importantes da Europa, a organiza\u00e7\u00e3o Film Society of Lincoln Center, anuncia tamb\u00e9m os programas gratuitos que far\u00e3o efeito durante o Festival entre 27 de setembro a 13 de outubro. Quem visitar suas instala\u00e7\u00f5es ter\u00e1 a oportunidade de participar de um Bate-Papo com as estrelas em ascens\u00e3o no Festival, e tamb\u00e9m assistir uma das exibi\u00e7\u00f5es gratuitas que ocorrer\u00e3o de 3 a 6 de outubro, em diferentes hor\u00e1rios no Amphitheater localizado no Elinor Bunin Munroe Center, no 144 West, 65th Street, Broadway, New York-NY.<!--more--><\/p>\n<p>O programa de bate-papo, o \u201cNYFF Live Talks\u201d tamb\u00e9m acontece no mesmo local todas as noites do Festival \u00e0s 7h00pm. Este \u00e9 o palco onde astros e estrelas, diretores e profissionais da ind\u00fastria poder\u00e3o interagir de uma forma mais descontra\u00edda com o p\u00fablico, abrangendo seus projetos e dimens\u00f5es art\u00edsticas. E como este ano a lista de estrelas est\u00e1 ainda mais luminosa com a presen\u00e7a de Cate Blanchett, Tom Hanks, James Franco, Joaquin Phoenix, Ralph Fiennes e os diretores Paul Greengrass e James Gray, o evento ser\u00e1 realmente grandioso. Visite <a href=\"http:\/\/www.filmlinc.com\">www.filmlinc.com<\/a> e confira toda a programa\u00e7\u00e3o para o Festival. E aguarde cobertura exclusiva Brazilian Press.<\/p>\n","protected":false},"excerpt":{"rendered":"<p>Roger Costa- Al\u00e9m dos filmes de sucesso que ser\u00e3o exibidos no 51st New York Film Festival, apresentando a estreia norte-americana de filmes consagrados na Am\u00e9rica e ao redor do mundo, bem como produ\u00e7\u00f5es premiadas nos Festivais mais importantes da Europa, a organiza\u00e7\u00e3o Film Society of Lincoln Center, anuncia tamb\u00e9m os programas gratuitos que far\u00e3o efeito durante o Festival entre 27 de setembro a 13 de outubro. Quem visitar suas instala\u00e7\u00f5es ter\u00e1 a oportunidade de participar de um Bate-Papo com as estrelas em ascens\u00e3o no Festival, e tamb\u00e9m assistir uma das exibi\u00e7\u00f5es gratuitas que ocorrer\u00e3o de 3 a 6 de outubro, [&hellip;]<\/p>\n","protected":false},"author":1,"featured_media":3010,"comment_status":"open","ping_status":"open","sticky":false,"template":"","format":"standard","meta":{"_links_to":"","_links_to_target":""},"categories":[4,1],"tags":[],"views":2193,"_links":{"self":[{"href":"https:\/\/www.brazilianpress.com\/v1\/wp-json\/wp\/v2\/posts\/3009"}],"collection":[{"href":"https:\/\/www.brazilianpress.com\/v1\/wp-json\/wp\/v2\/posts"}],"about":[{"href":"https:\/\/www.brazilianpress.com\/v1\/wp-json\/wp\/v2\/types\/post"}],"author":[{"embeddable":true,"href":"https:\/\/www.brazilianpress.com\/v1\/wp-json\/wp\/v2\/users\/1"}],"replies":[{"embeddable":true,"href":"https:\/\/www.brazilianpress.com\/v1\/wp-json\/wp\/v2\/comments?post=3009"}],"version-history":[{"count":1,"href":"https:\/\/www.brazilianpress.com\/v1\/wp-json\/wp\/v2\/posts\/3009\/revisions"}],"predecessor-version":[{"id":3011,"href":"https:\/\/www.brazilianpress.com\/v1\/wp-json\/wp\/v2\/posts\/3009\/revisions\/3011"}],"wp:featuredmedia":[{"embeddable":true,"href":"https:\/\/www.brazilianpress.com\/v1\/wp-json\/wp\/v2\/media\/3010"}],"wp:attachment":[{"href":"https:\/\/www.brazilianpress.com\/v1\/wp-json\/wp\/v2\/media?parent=3009"}],"wp:term":[{"taxonomy":"category","embeddable":true,"href":"https:\/\/www.brazilianpress.com\/v1\/wp-json\/wp\/v2\/categories?post=3009"},{"taxonomy":"post_tag","embeddable":true,"href":"https:\/\/www.brazilianpress.com\/v1\/wp-json\/wp\/v2\/tags?post=3009"}],"curies":[{"name":"wp","href":"https:\/\/api.w.org\/{rel}","templated":true}]}}