{"id":3012,"date":"2013-09-19T15:14:11","date_gmt":"2013-09-19T19:14:11","guid":{"rendered":"http:\/\/www.brazilianpress.com\/v1\/?p=3012"},"modified":"2013-09-19T15:14:11","modified_gmt":"2013-09-19T19:14:11","slug":"new-jersey-recebera-10-milhoes-em-assistencia-medica-e-social-para-ajudar-familias-necessitadas","status":"publish","type":"post","link":"https:\/\/www.brazilianpress.com\/v1\/2013\/09\/19\/new-jersey-recebera-10-milhoes-em-assistencia-medica-e-social-para-ajudar-familias-necessitadas\/","title":{"rendered":"New Jersey receber\u00e1 $10 Milh\u00f5es em assist\u00eancia m\u00e9dica e social para ajudar fam\u00edlias necessitadas"},"content":{"rendered":"<p><img loading=\"lazy\" class=\"alignright size-medium wp-image-3013\" alt=\"nj politica\" src=\"http:\/\/www.brazilianpress.com\/v1\/wp-content\/uploads\/2013\/09\/nj-politica-300x143.jpg\" width=\"300\" height=\"143\" srcset=\"https:\/\/www.brazilianpress.com\/v1\/wp-content\/uploads\/2013\/09\/nj-politica-300x143.jpg 300w, https:\/\/www.brazilianpress.com\/v1\/wp-content\/uploads\/2013\/09\/nj-politica.jpg 500w\" sizes=\"(max-width: 300px) 100vw, 300px\" \/>Roger Costa- O comiss\u00e1rio de Sa\u00fade do Estado de New Jersey, Mary O\u2019Dowd, esteve em Red Bank na manh\u00e3 de segunda-feira para anunciar que o Estado receber\u00e1 $10 milh\u00f5es de d\u00f3lares em fundos federais, para auxiliar milhares de fam\u00edlias nas quest\u00f5es m\u00e9dicas e necessidades sociais. O\u2019Dowd e Allison Blake, comiss\u00e1ria do Departamento de Crian\u00e7as e Fam\u00edlias, anunciaram sobre a verba encaminhada ap\u00f3s visitarem a Associa\u00e7\u00e3o de Enfermeiros de Central Jersey e ouvirem as declara\u00e7\u00f5es das fam\u00edlias que foram afetadas pelo Furac\u00e3o Sandy. O Departamento de Sa\u00fade receber\u00e1 cerca de $5 milh\u00f5es para cuidar de crian\u00e7as excepcionais com problemas de sa\u00fade.<!--more--><\/p>\n<p>\u201cFam\u00edlias de crian\u00e7as portadoras de autismo, Syndrome de Down e outras condi\u00e7\u00f5es cr\u00edticas, precisam de tratamento especial\u201d, disse O\u2019Down em relat\u00f3rio divulgado para a imprensa, \u201co Furac\u00e3o Sandy aumentou esse stress nas fam\u00edlias e esta doa\u00e7\u00e3o ajudar\u00e1 nossos colaboradores a exercerem aux\u00edlio mais intensivo a cerca de 8.000 fam\u00edlias\u201d. A doa\u00e7\u00e3o federal inclui $3.4 milh\u00f5es para ajudar enfermeiros e trabalhores de servi\u00e7o social em 10 ag\u00eancias dedicadas ao assunto: Children\u2019s Specialized Hospital, Jersey City Medical Center, the Visiting Nurses Association of Central Jersey, Atlantic County Special Child Health Services School District, e Departamentos de Sa\u00fade nos condados de Bergen, Cape May, Cumberland, Essex, Middlesex e Ocean.<\/p>\n<p>O restante da doa\u00e7\u00e3o, $1.6 milh\u00f5es ser\u00e1 encaminhado para o Statewide Parent Advocacy Network(SPAN), para ser usado pelos especialistas em pesquisa e desenvolvimento de fam\u00edlias em New Jersey. A doa\u00e7\u00e3o adicional de $5 milh\u00f5es fica em poder do Departament of Children and Families, para a cria\u00e7\u00e3o de programas para auxiliar jovens gestantes, idosos, e fam\u00edlias necessitadas com um alto n\u00famero de crian\u00e7as. O Departamento planeja usar $2.9 milh\u00f5es para expandir o programa de Family Success Centers em \u00e1reas que foram afetadas pelo furac\u00e3o com maior intensidade. \u201cEstes centros merecem grande aten\u00e7\u00e3o, pois s\u00e3o formados para ajudar fam\u00edlias a prevenirem-se de enfrentar a crise\u201d, disse Blake.<\/p>\n<p>\u201cFamily Success Centers oferece \u00e0 comunidade e \u00e0s fam\u00edlias em toda a vizinhan\u00e7a, programas e encontros, onde podem desfrutar de apoio, informa\u00e7\u00e3o, refer\u00eancias e acesso a m\u00faltiplos servi\u00e7os sem lhes custar nada\u201d, continuou Blake, \u201co objetivo deste programa \u00e9 dar for\u00e7as, est\u00edmulo e motiva\u00e7\u00e3o aos indiv\u00edduos necessitados, dando-lhes oportunidade para criarem uma fam\u00edlia mais saud\u00e1vel e mais feliz\u201d.<\/p>\n","protected":false},"excerpt":{"rendered":"<p>Roger Costa- O comiss\u00e1rio de Sa\u00fade do Estado de New Jersey, Mary O\u2019Dowd, esteve em Red Bank na manh\u00e3 de segunda-feira para anunciar que o Estado receber\u00e1 $10 milh\u00f5es de d\u00f3lares em fundos federais, para auxiliar milhares de fam\u00edlias nas quest\u00f5es m\u00e9dicas e necessidades sociais. O\u2019Dowd e Allison Blake, comiss\u00e1ria do Departamento de Crian\u00e7as e Fam\u00edlias, anunciaram sobre a verba encaminhada ap\u00f3s visitarem a Associa\u00e7\u00e3o de Enfermeiros de Central Jersey e ouvirem as declara\u00e7\u00f5es das fam\u00edlias que foram afetadas pelo Furac\u00e3o Sandy. O Departamento de Sa\u00fade receber\u00e1 cerca de $5 milh\u00f5es para cuidar de crian\u00e7as excepcionais com problemas de sa\u00fade.<\/p>\n","protected":false},"author":1,"featured_media":3013,"comment_status":"open","ping_status":"open","sticky":false,"template":"","format":"standard","meta":{"_links_to":"","_links_to_target":""},"categories":[4,1],"tags":[],"views":2217,"_links":{"self":[{"href":"https:\/\/www.brazilianpress.com\/v1\/wp-json\/wp\/v2\/posts\/3012"}],"collection":[{"href":"https:\/\/www.brazilianpress.com\/v1\/wp-json\/wp\/v2\/posts"}],"about":[{"href":"https:\/\/www.brazilianpress.com\/v1\/wp-json\/wp\/v2\/types\/post"}],"author":[{"embeddable":true,"href":"https:\/\/www.brazilianpress.com\/v1\/wp-json\/wp\/v2\/users\/1"}],"replies":[{"embeddable":true,"href":"https:\/\/www.brazilianpress.com\/v1\/wp-json\/wp\/v2\/comments?post=3012"}],"version-history":[{"count":1,"href":"https:\/\/www.brazilianpress.com\/v1\/wp-json\/wp\/v2\/posts\/3012\/revisions"}],"predecessor-version":[{"id":3014,"href":"https:\/\/www.brazilianpress.com\/v1\/wp-json\/wp\/v2\/posts\/3012\/revisions\/3014"}],"wp:featuredmedia":[{"embeddable":true,"href":"https:\/\/www.brazilianpress.com\/v1\/wp-json\/wp\/v2\/media\/3013"}],"wp:attachment":[{"href":"https:\/\/www.brazilianpress.com\/v1\/wp-json\/wp\/v2\/media?parent=3012"}],"wp:term":[{"taxonomy":"category","embeddable":true,"href":"https:\/\/www.brazilianpress.com\/v1\/wp-json\/wp\/v2\/categories?post=3012"},{"taxonomy":"post_tag","embeddable":true,"href":"https:\/\/www.brazilianpress.com\/v1\/wp-json\/wp\/v2\/tags?post=3012"}],"curies":[{"name":"wp","href":"https:\/\/api.w.org\/{rel}","templated":true}]}}