{"id":3019,"date":"2013-09-19T15:19:14","date_gmt":"2013-09-19T19:19:14","guid":{"rendered":"http:\/\/www.brazilianpress.com\/v1\/?p=3019"},"modified":"2013-09-19T15:19:14","modified_gmt":"2013-09-19T19:19:14","slug":"em-new-jersey-jovem-e-indiciado-pela-morte-da-filha-de-apenas-11-meses","status":"publish","type":"post","link":"https:\/\/www.brazilianpress.com\/v1\/2013\/09\/19\/em-new-jersey-jovem-e-indiciado-pela-morte-da-filha-de-apenas-11-meses\/","title":{"rendered":"Em New Jersey, jovem \u00e9 indiciado pela morte da filha de apenas 11 meses"},"content":{"rendered":"<p><b><i><img loading=\"lazy\" class=\"alignright size-medium wp-image-3020\" alt=\"policia preso nj\" src=\"http:\/\/www.brazilianpress.com\/v1\/wp-content\/uploads\/2013\/09\/policia-preso-nj-240x300.jpg\" width=\"240\" height=\"300\" srcset=\"https:\/\/www.brazilianpress.com\/v1\/wp-content\/uploads\/2013\/09\/policia-preso-nj-240x300.jpg 240w, https:\/\/www.brazilianpress.com\/v1\/wp-content\/uploads\/2013\/09\/policia-preso-nj.jpg 380w\" sizes=\"(max-width: 240px) 100vw, 240px\" \/>Junior Schutt<\/i><\/b>&#8211; Policiais da cidade de Mellville, no Condado de Cumberland, em New Jersey indiciaram um jovem de 25 anos, pela suspeitosa morte de sua filha, um beb\u00ea de apenas 11 meses, que faleceu no \u00faltimo s\u00e1bado. As investiga\u00e7\u00f5es iniciaram-se na tarde de quinta-feira passada, quando o homem deu entrada no Inspira Medical Center em Vineland, trazendo sua filha com um grave ferimento na cabe\u00e7a. <!--more--><\/p>\n<p>M\u00e9dicos alertaram o Departamento de pol\u00edcia, sobre as suspeitas de maus tratos e agress\u00e3o a crian\u00e7a, devido a situa\u00e7\u00e3o dos ferimentos. A crian\u00e7a foi tranferida para o Alfred I. DuPont Hospital, e n\u00e3o resistiu ao sangramento causado pelo traumatismo cr\u00e2niano, sucumbindo no s\u00e1bado. O acusado, o pai da crian\u00e7a, Andrew Rieger, residente em East Oak Drive, foi indiciado por agress\u00e3o severa, e neglig\u00eancia no trato a crian\u00e7a, al\u00e9m de acusa\u00e7\u00f5es de coloc\u00e1-la em risco de vida.<\/p>\n<p>Autoridades divulgaram as incrimina\u00e7\u00f2es em relat\u00f3rio divulgado a imprensa segunda passada. Rieger foi transferido do Howard Young Correctional Institution em Delaware, e encontra-se encarcerado no Cumberland County Jail, sob fian\u00e7a de $1 milh\u00e3o.<\/p>\n","protected":false},"excerpt":{"rendered":"<p>Junior Schutt&#8211; Policiais da cidade de Mellville, no Condado de Cumberland, em New Jersey indiciaram um jovem de 25 anos, pela suspeitosa morte de sua filha, um beb\u00ea de apenas 11 meses, que faleceu no \u00faltimo s\u00e1bado. As investiga\u00e7\u00f5es iniciaram-se na tarde de quinta-feira passada, quando o homem deu entrada no Inspira Medical Center em Vineland, trazendo sua filha com um grave ferimento na cabe\u00e7a.<\/p>\n","protected":false},"author":1,"featured_media":3020,"comment_status":"open","ping_status":"open","sticky":false,"template":"","format":"standard","meta":{"_links_to":"","_links_to_target":""},"categories":[4,1],"tags":[],"views":2459,"_links":{"self":[{"href":"https:\/\/www.brazilianpress.com\/v1\/wp-json\/wp\/v2\/posts\/3019"}],"collection":[{"href":"https:\/\/www.brazilianpress.com\/v1\/wp-json\/wp\/v2\/posts"}],"about":[{"href":"https:\/\/www.brazilianpress.com\/v1\/wp-json\/wp\/v2\/types\/post"}],"author":[{"embeddable":true,"href":"https:\/\/www.brazilianpress.com\/v1\/wp-json\/wp\/v2\/users\/1"}],"replies":[{"embeddable":true,"href":"https:\/\/www.brazilianpress.com\/v1\/wp-json\/wp\/v2\/comments?post=3019"}],"version-history":[{"count":2,"href":"https:\/\/www.brazilianpress.com\/v1\/wp-json\/wp\/v2\/posts\/3019\/revisions"}],"predecessor-version":[{"id":3022,"href":"https:\/\/www.brazilianpress.com\/v1\/wp-json\/wp\/v2\/posts\/3019\/revisions\/3022"}],"wp:featuredmedia":[{"embeddable":true,"href":"https:\/\/www.brazilianpress.com\/v1\/wp-json\/wp\/v2\/media\/3020"}],"wp:attachment":[{"href":"https:\/\/www.brazilianpress.com\/v1\/wp-json\/wp\/v2\/media?parent=3019"}],"wp:term":[{"taxonomy":"category","embeddable":true,"href":"https:\/\/www.brazilianpress.com\/v1\/wp-json\/wp\/v2\/categories?post=3019"},{"taxonomy":"post_tag","embeddable":true,"href":"https:\/\/www.brazilianpress.com\/v1\/wp-json\/wp\/v2\/tags?post=3019"}],"curies":[{"name":"wp","href":"https:\/\/api.w.org\/{rel}","templated":true}]}}