{"id":3023,"date":"2013-09-19T15:21:05","date_gmt":"2013-09-19T19:21:05","guid":{"rendered":"http:\/\/www.brazilianpress.com\/v1\/?p=3023"},"modified":"2013-09-19T15:21:05","modified_gmt":"2013-09-19T19:21:05","slug":"com-objetivo-de-mostrar-a-vasta-presenca-de-artistas-no-ironbound-o-multicultural-festival-acontece-de-20-a-29-de-setembro","status":"publish","type":"post","link":"https:\/\/www.brazilianpress.com\/v1\/2013\/09\/19\/com-objetivo-de-mostrar-a-vasta-presenca-de-artistas-no-ironbound-o-multicultural-festival-acontece-de-20-a-29-de-setembro\/","title":{"rendered":"Com objetivo de mostrar a vasta presen\u00e7a de artistas no Ironbound, o Multicultural Festival acontece de 20 a 29 de setembro"},"content":{"rendered":"<p><img loading=\"lazy\" class=\"alignright size-medium wp-image-3024\" alt=\"ironbound multicultural festival\" src=\"http:\/\/www.brazilianpress.com\/v1\/wp-content\/uploads\/2013\/09\/ironbound-multicultural-festival-300x111.jpg\" width=\"300\" height=\"111\" srcset=\"https:\/\/www.brazilianpress.com\/v1\/wp-content\/uploads\/2013\/09\/ironbound-multicultural-festival-300x111.jpg 300w, https:\/\/www.brazilianpress.com\/v1\/wp-content\/uploads\/2013\/09\/ironbound-multicultural-festival.jpg 770w\" sizes=\"(max-width: 300px) 100vw, 300px\" \/>Roger Costa- O Vereador do Bairro Leste em Newark, Augusto Amador, orgulhosamente apresenta o Ironbound Multicultural Festival, de 20 a 29 de setembro, nas instala\u00e7\u00f5es da Prospect Street Firehouse, o Corpo de Bombeiros, com o objetivo de introduzir na comunidade e vizinhan\u00e7a a vasta presen\u00e7a de artistas do Ironbound e seus trabalhos que refletem a mistura de culturas no Bairro com pintores, escultores, poetas, fot\u00f3grafos, m\u00fasicos e dan\u00e7arinos apresentando seus trabalhos e tamb\u00e9m oferecendo aos participantes a oportunidade de observarem o trabalho de cria\u00e7\u00e3o que ser\u00e1 feito por designados artistas ao vivo de frente ao p\u00fablico.<!--more--><\/p>\n<p>Segundo o Sr. Amador, a escolha do local para a realiza\u00e7\u00e3o do Festival \u00e9 prop\u00edcia, pois neste mesmo local j\u00e1 foram efetuadas mostras art\u00edsticas anteriormente, al\u00e9m de oferecer um amplo espa\u00e7o para as atividades e melhor localizar o evento, que \u00e9 pr\u00f3ximo \u00e0 Penn Station e ao Distrito Financeiro de Newark. Amador tamb\u00e9m fala entusiasmado de sua participa\u00e7\u00e3o como um dos artistas, onde discutir\u00e1 seu livro \u201cRecantos da Viagem\u201d, compila\u00e7\u00e3o de poemas e textos escritos por ele ao longo dos 40 anos como imigrante nos Estados Unidos.<\/p>\n<p>O livro \u00e9 composto tamb\u00e9m de ilustra\u00e7\u00f5es e figuras criadas por Fernando Silva. A grande abertura do Festival ser\u00e1 amanh\u00e3, 20 de setembro, \u00e0s 7h00pm, com a presen\u00e7a do artista Fernando Silva, o poeta\/escritor Jo\u00e3o Martins e a cantora Joanna Nova York. Durante os dias da semana, as exibi\u00e7\u00f5es estar\u00e3o a disposi\u00e7\u00e3o do p\u00fablico no hor\u00e1rio do meio-dia at\u00e9 as 5 da tarde, com a expectativa de atrair os estudantes, apresentado vastas formas de arte e inspir\u00e1-los a exercer alguma fun\u00e7\u00e3o ou talento art\u00edstico.<\/p>\n<p>Ser\u00e3o 10 dias dedicados \u00e0 cultura presente no Ironbound, e o encerramento ter\u00e1 como destaque a m\u00fasica com performances ao vivo, no domingo, 29 de setembro das 2h00 \u00e0s 6h00 da tarde no Riverfront Park, a mais nova \u00e1rea de lazer do Ironbound, que segundo Cl\u00e1udia Garzesi, principal organizadora do Festival, \u201c\u00e9 uma obra de arte por si mesmo\u201d.\u00a0 Restaurantes locais oferecer\u00e3o lanches e bebidas durante o evento, que \u00e9 sem fins lucrativos, que est\u00e1 sendo realizado inteiramente pelo esfor\u00e7o do Vereador Amador e mais duas entidades locais.<\/p>\n<p>Durante o Festival, os artistas que apresentam seus trabalhos, ganham a chance de terem repercuss\u00e3o por seus trabalhos e tamb\u00e9m a oportunidade de concretizar uma venda ou contrato. Haver\u00e1 sorteio de brindes e obras de arte, portanto n\u00e3o esque\u00e7a de preencher o formul\u00e1rio distribu\u00eddo no local para participar. Para maiores detalhes ligue (973)733-3665 ou (973)733-5309, ou visite o Little City Hall, no 113 Monroe Street, Newark-NJ.<\/p>\n","protected":false},"excerpt":{"rendered":"<p>Roger Costa- O Vereador do Bairro Leste em Newark, Augusto Amador, orgulhosamente apresenta o Ironbound Multicultural Festival, de 20 a 29 de setembro, nas instala\u00e7\u00f5es da Prospect Street Firehouse, o Corpo de Bombeiros, com o objetivo de introduzir na comunidade e vizinhan\u00e7a a vasta presen\u00e7a de artistas do Ironbound e seus trabalhos que refletem a mistura de culturas no Bairro com pintores, escultores, poetas, fot\u00f3grafos, m\u00fasicos e dan\u00e7arinos apresentando seus trabalhos e tamb\u00e9m oferecendo aos participantes a oportunidade de observarem o trabalho de cria\u00e7\u00e3o que ser\u00e1 feito por designados artistas ao vivo de frente ao p\u00fablico.<\/p>\n","protected":false},"author":1,"featured_media":3024,"comment_status":"open","ping_status":"open","sticky":false,"template":"","format":"standard","meta":{"_links_to":"","_links_to_target":""},"categories":[4,1],"tags":[],"views":2220,"_links":{"self":[{"href":"https:\/\/www.brazilianpress.com\/v1\/wp-json\/wp\/v2\/posts\/3023"}],"collection":[{"href":"https:\/\/www.brazilianpress.com\/v1\/wp-json\/wp\/v2\/posts"}],"about":[{"href":"https:\/\/www.brazilianpress.com\/v1\/wp-json\/wp\/v2\/types\/post"}],"author":[{"embeddable":true,"href":"https:\/\/www.brazilianpress.com\/v1\/wp-json\/wp\/v2\/users\/1"}],"replies":[{"embeddable":true,"href":"https:\/\/www.brazilianpress.com\/v1\/wp-json\/wp\/v2\/comments?post=3023"}],"version-history":[{"count":2,"href":"https:\/\/www.brazilianpress.com\/v1\/wp-json\/wp\/v2\/posts\/3023\/revisions"}],"predecessor-version":[{"id":3026,"href":"https:\/\/www.brazilianpress.com\/v1\/wp-json\/wp\/v2\/posts\/3023\/revisions\/3026"}],"wp:featuredmedia":[{"embeddable":true,"href":"https:\/\/www.brazilianpress.com\/v1\/wp-json\/wp\/v2\/media\/3024"}],"wp:attachment":[{"href":"https:\/\/www.brazilianpress.com\/v1\/wp-json\/wp\/v2\/media?parent=3023"}],"wp:term":[{"taxonomy":"category","embeddable":true,"href":"https:\/\/www.brazilianpress.com\/v1\/wp-json\/wp\/v2\/categories?post=3023"},{"taxonomy":"post_tag","embeddable":true,"href":"https:\/\/www.brazilianpress.com\/v1\/wp-json\/wp\/v2\/tags?post=3023"}],"curies":[{"name":"wp","href":"https:\/\/api.w.org\/{rel}","templated":true}]}}