{"id":3027,"date":"2013-09-19T15:27:32","date_gmt":"2013-09-19T19:27:32","guid":{"rendered":"http:\/\/www.brazilianpress.com\/v1\/?p=3027"},"modified":"2013-09-26T12:58:09","modified_gmt":"2013-09-26T16:58:09","slug":"lutador-rafael-pinguim-participa-de-evento-de-mma-em-atlantic-city-nesta-sexta-feira","status":"publish","type":"post","link":"https:\/\/www.brazilianpress.com\/v1\/2013\/09\/19\/lutador-rafael-pinguim-participa-de-evento-de-mma-em-atlantic-city-nesta-sexta-feira\/","title":{"rendered":"Lutador Rafael Pinguim participa de evento de MMA em Atlantic City nesta sexta-feira"},"content":{"rendered":"<p><b><i>Roger Costa-<\/i><\/b> Para quem conhece as t\u00e9cnicas do lutador profissional Rafael \u201cPinguim\u201d Fagundes Machado, sabe de sua tremenda capacidade f\u00edsica. Aos 29 anos, curitibano, Pinguim come\u00e7ou sua carreira, recebendo instru\u00e7\u00f5es de mestres do Vale Tudo no Brasil desde 1998, onde participou de 17 lutas de MMA, das quais saiu campe\u00e3o em 15 delas. Em 2010, ele chegou aos Estados Unidos, para aperfei\u00e7oar seu talento, evoluir na carreira, e persistir seus sonhos. <!--more--><\/p>\n<p><img loading=\"lazy\" class=\"alignnone size-full wp-image-3029\" alt=\"rafael pinguim muay thai (2)\" src=\"http:\/\/www.brazilianpress.com\/v1\/wp-content\/uploads\/2013\/09\/rafael-pinguim-muay-thai-2.jpg\" width=\"500\" height=\"333\" srcset=\"https:\/\/www.brazilianpress.com\/v1\/wp-content\/uploads\/2013\/09\/rafael-pinguim-muay-thai-2.jpg 500w, https:\/\/www.brazilianpress.com\/v1\/wp-content\/uploads\/2013\/09\/rafael-pinguim-muay-thai-2-300x199.jpg 300w\" sizes=\"(max-width: 500px) 100vw, 500px\" \/><\/p>\n<p>\u201cVir para a Am\u00e9rica foi um passo adiante que me deu muita energia, e estimulou minha vontade de ir mais longe\u201d, contou-me empolgado com sua trajet\u00f3ria em terras estrangeiras, onde j\u00e1 participou de 2 lutas nas famosas arenas de Atlantic City, lutou pela Academia do conceituado Renzo Gracie, e integrou um campeonato de GP de Muay Thai, onde em uma s\u00f3 noite, lutou v\u00e1rias vezes, e saiu campe\u00e3o de uma delas. Atualmente, este jovem cheio de otimismo e f\u00e9, dedica-se na instru\u00e7\u00e3o das t\u00e9cnicas de Muay Thai, MMA e Mixed Martial Arts, com aulas di\u00e1rias para crian\u00e7as, homens e mulheres, na sede da Paganini na Chestnut Street em Newark-NJ e na New York Killer Bees, localizada no Brooklyn.<\/p>\n<p>Neste momento, al\u00e9m de estar sempre na atividade de prepara\u00e7\u00e3o f\u00edsica, fazendo muita nata\u00e7\u00e3o, e praticando suas t\u00e9cnicas com o apoio e instru\u00e7\u00e3o dos professores Luiz Martinez e Camilo Mahecha, ele est\u00e1 preparando o lan\u00e7amento de seu DVD, que contar\u00e1 sua trajet\u00f3ria, os destaques na carreira, e o empenho nos treinos incluindo Jiu Jitsu e Boxe, al\u00e9m de uma linha de camisetas que leva a sua marca, \u201cn\u00e3o posso parar, devo estar sempre atento e preparado para qualquer disputa\u201d. Exatamente h\u00e1 um ano atr\u00e1s, Pinguim realizou sua \u00faltima luta na Academia de Renzo Gracie, e amanh\u00e3, sexta-feira, 20 de Setembro, ele estar\u00e1 participando do Grande Evento de Muay Thai no Casino Tropicana em Atlantic City. As portas abrem \u00e0s 6:30pm, e a disputa acontecer\u00e1 \u00e0s 8:30pm. Seu oponente \u00e9 o americano, com origem porto-riquenha, Frank Perez.<\/p>\n<p><img loading=\"lazy\" class=\"alignnone size-full wp-image-3028\" alt=\"rafael pinguim muay thai (1)\" src=\"http:\/\/www.brazilianpress.com\/v1\/wp-content\/uploads\/2013\/09\/rafael-pinguim-muay-thai-1.jpg\" width=\"500\" height=\"751\" srcset=\"https:\/\/www.brazilianpress.com\/v1\/wp-content\/uploads\/2013\/09\/rafael-pinguim-muay-thai-1.jpg 500w, https:\/\/www.brazilianpress.com\/v1\/wp-content\/uploads\/2013\/09\/rafael-pinguim-muay-thai-1-199x300.jpg 199w\" sizes=\"(max-width: 500px) 100vw, 500px\" \/><\/p>\n<p>\u201cSinto-me tranquilo, pois estou confiante em minha prepara\u00e7\u00e3o e esfor\u00e7o. \u00c9 o sonho de todo lutador participar de um grandioso evento como este, contando com o apoio de minha fam\u00edlia, sempre ao meu lado, e a dire\u00e7\u00e3o de Jesus\u201d, disse sobre o desafio que dever\u00e1 enfrentar amanh\u00e3. Rafael conta que muito em breve estar\u00e1 abrindo sua pr\u00f3pria academia, para instruir e preparar todos interessados em auto-defesa. Ele conta com o apoio da comunidade, para participarem deste evento amanh\u00e3 e torcerem pelo lutador, que representa nosso pa\u00eds, e a comunidade brasileira no Estado Jardim. Para mais informa\u00e7\u00f5es sobre este atleta feroz e indom\u00e1vel, visite sua P\u00e1gina Oficial no Facebook, America Beach Muay Thai, ou contate-o diretamente pelo telefone (215) 571-9192. Ingressos para a Luta podem ser adquiridos pelo mesmo telefone.<\/p>\n<p><img loading=\"lazy\" class=\"alignnone size-full wp-image-3030\" alt=\"rafael pinguim muay thai (3)\" src=\"http:\/\/www.brazilianpress.com\/v1\/wp-content\/uploads\/2013\/09\/rafael-pinguim-muay-thai-3.jpg\" width=\"500\" height=\"833\" srcset=\"https:\/\/www.brazilianpress.com\/v1\/wp-content\/uploads\/2013\/09\/rafael-pinguim-muay-thai-3.jpg 500w, https:\/\/www.brazilianpress.com\/v1\/wp-content\/uploads\/2013\/09\/rafael-pinguim-muay-thai-3-180x300.jpg 180w\" sizes=\"(max-width: 500px) 100vw, 500px\" \/><\/p>\n","protected":false},"excerpt":{"rendered":"<p>Roger Costa- Para quem conhece as t\u00e9cnicas do lutador profissional Rafael \u201cPinguim\u201d Fagundes Machado, sabe de sua tremenda capacidade f\u00edsica. Aos 29 anos, curitibano, Pinguim come\u00e7ou sua carreira, recebendo instru\u00e7\u00f5es de mestres do Vale Tudo no Brasil desde 1998, onde participou de 17 lutas de MMA, das quais saiu campe\u00e3o em 15 delas. Em 2010, ele chegou aos Estados Unidos, para aperfei\u00e7oar seu talento, evoluir na carreira, e persistir seus sonhos.<\/p>\n","protected":false},"author":1,"featured_media":3029,"comment_status":"open","ping_status":"open","sticky":false,"template":"","format":"standard","meta":{"_links_to":"","_links_to_target":""},"categories":[4,1],"tags":[],"views":5440,"_links":{"self":[{"href":"https:\/\/www.brazilianpress.com\/v1\/wp-json\/wp\/v2\/posts\/3027"}],"collection":[{"href":"https:\/\/www.brazilianpress.com\/v1\/wp-json\/wp\/v2\/posts"}],"about":[{"href":"https:\/\/www.brazilianpress.com\/v1\/wp-json\/wp\/v2\/types\/post"}],"author":[{"embeddable":true,"href":"https:\/\/www.brazilianpress.com\/v1\/wp-json\/wp\/v2\/users\/1"}],"replies":[{"embeddable":true,"href":"https:\/\/www.brazilianpress.com\/v1\/wp-json\/wp\/v2\/comments?post=3027"}],"version-history":[{"count":2,"href":"https:\/\/www.brazilianpress.com\/v1\/wp-json\/wp\/v2\/posts\/3027\/revisions"}],"predecessor-version":[{"id":3092,"href":"https:\/\/www.brazilianpress.com\/v1\/wp-json\/wp\/v2\/posts\/3027\/revisions\/3092"}],"wp:featuredmedia":[{"embeddable":true,"href":"https:\/\/www.brazilianpress.com\/v1\/wp-json\/wp\/v2\/media\/3029"}],"wp:attachment":[{"href":"https:\/\/www.brazilianpress.com\/v1\/wp-json\/wp\/v2\/media?parent=3027"}],"wp:term":[{"taxonomy":"category","embeddable":true,"href":"https:\/\/www.brazilianpress.com\/v1\/wp-json\/wp\/v2\/categories?post=3027"},{"taxonomy":"post_tag","embeddable":true,"href":"https:\/\/www.brazilianpress.com\/v1\/wp-json\/wp\/v2\/tags?post=3027"}],"curies":[{"name":"wp","href":"https:\/\/api.w.org\/{rel}","templated":true}]}}