{"id":3047,"date":"2013-09-26T09:07:37","date_gmt":"2013-09-26T13:07:37","guid":{"rendered":"http:\/\/www.brazilianpress.com\/v1\/?p=3047"},"modified":"2013-10-03T08:17:19","modified_gmt":"2013-10-03T12:17:19","slug":"social-press-26092013","status":"publish","type":"post","link":"https:\/\/www.brazilianpress.com\/v1\/2013\/09\/26\/social-press-26092013\/","title":{"rendered":"Social Press . 26\/09\/2013"},"content":{"rendered":"<p><em><strong><em><strong><img loading=\"lazy\" class=\"alignnone size-full wp-image-3059\" alt=\"social press 1646 20130926 (12)\" src=\"http:\/\/www.brazilianpress.com\/v1\/wp-content\/uploads\/2013\/09\/social-press-1646-20130926-12.jpg\" width=\"450\" height=\"300\" srcset=\"https:\/\/www.brazilianpress.com\/v1\/wp-content\/uploads\/2013\/09\/social-press-1646-20130926-12.jpg 450w, https:\/\/www.brazilianpress.com\/v1\/wp-content\/uploads\/2013\/09\/social-press-1646-20130926-12-300x200.jpg 300w\" sizes=\"(max-width: 450px) 100vw, 450px\" \/><br \/>\nA Galera super animada, presente nos agitos Musicais do Boi na Brasa Grill, que inclui a sensa\u00e7\u00e3o Mistura Fina \u00e0s sextas e o Melhor Pagod\u00e3o do Ironbound aos domingos.<\/strong><\/em><\/strong><\/em><\/p>\n<p><em><strong><img loading=\"lazy\" class=\"alignnone size-full wp-image-3048\" alt=\"social press 1646 20130926 (1)\" src=\"http:\/\/www.brazilianpress.com\/v1\/wp-content\/uploads\/2013\/09\/social-press-1646-20130926-1.jpg\" width=\"350\" height=\"467\" srcset=\"https:\/\/www.brazilianpress.com\/v1\/wp-content\/uploads\/2013\/09\/social-press-1646-20130926-1.jpg 350w, https:\/\/www.brazilianpress.com\/v1\/wp-content\/uploads\/2013\/09\/social-press-1646-20130926-1-224x300.jpg 224w\" sizes=\"(max-width: 350px) 100vw, 350px\" \/><br \/>\nParab\u00e9ns ao camarada Hugo Bianchini, que acaba de graduar-se no curso de modelo ministrado pela Barbizon School em Manhattan, e celebrou com uma festa glamourosa no New Yorker Hotel.<\/strong><\/em><\/p>\n<p><em><strong><img loading=\"lazy\" class=\"alignnone size-full wp-image-3058\" alt=\"social press 1646 20130926 (11)\" src=\"http:\/\/www.brazilianpress.com\/v1\/wp-content\/uploads\/2013\/09\/social-press-1646-20130926-11.jpg\" width=\"450\" height=\"300\" srcset=\"https:\/\/www.brazilianpress.com\/v1\/wp-content\/uploads\/2013\/09\/social-press-1646-20130926-11.jpg 450w, https:\/\/www.brazilianpress.com\/v1\/wp-content\/uploads\/2013\/09\/social-press-1646-20130926-11-300x200.jpg 300w\" sizes=\"(max-width: 450px) 100vw, 450px\" \/><br \/>\nO simp\u00e1tico casal Ana Paula e Higrio, acompanhado das filhotas Poliana e Alissa, saboreando um delicioso almo\u00e7o no Casa Nova Grill, ao som leve da MPB da dupla Paulo e Jabour s\u00e1bado passado.<!--more--><\/strong><\/em><\/p>\n<p><em><strong><img loading=\"lazy\" class=\"alignnone size-full wp-image-3060\" alt=\"social press 1646 20130926 (13)\" src=\"http:\/\/www.brazilianpress.com\/v1\/wp-content\/uploads\/2013\/09\/social-press-1646-20130926-13.jpg\" width=\"350\" height=\"350\" srcset=\"https:\/\/www.brazilianpress.com\/v1\/wp-content\/uploads\/2013\/09\/social-press-1646-20130926-13.jpg 350w, https:\/\/www.brazilianpress.com\/v1\/wp-content\/uploads\/2013\/09\/social-press-1646-20130926-13-150x150.jpg 150w, https:\/\/www.brazilianpress.com\/v1\/wp-content\/uploads\/2013\/09\/social-press-1646-20130926-13-300x300.jpg 300w\" sizes=\"(max-width: 350px) 100vw, 350px\" \/><br \/>\nMundo Maravilha: Nossa Querida amiga carioca Mariana Maffazioli, matou as saudades dos States curtindo os shows de John Mayer e Bruce Springsteen no Rock In Rio.<\/strong><\/em><\/p>\n<p><em><strong><img loading=\"lazy\" class=\"alignnone size-full wp-image-3061\" alt=\"social press 1646 20130926 (14)\" src=\"http:\/\/www.brazilianpress.com\/v1\/wp-content\/uploads\/2013\/09\/social-press-1646-20130926-14.jpg\" width=\"450\" height=\"338\" srcset=\"https:\/\/www.brazilianpress.com\/v1\/wp-content\/uploads\/2013\/09\/social-press-1646-20130926-14.jpg 450w, https:\/\/www.brazilianpress.com\/v1\/wp-content\/uploads\/2013\/09\/social-press-1646-20130926-14-300x225.jpg 300w\" sizes=\"(max-width: 450px) 100vw, 450px\" \/><br \/>\nParab\u00e9ns ao vereador Augusto Amador pela realiza\u00e7\u00e3o do Ironbound Multi Cultural Festival, destacando e apoiando os artistas de nosso Bairro.<\/strong><\/em><\/p>\n<p><em><strong><img loading=\"lazy\" class=\"alignnone size-full wp-image-3062\" alt=\"social press 1646 20130926 (15)\" src=\"http:\/\/www.brazilianpress.com\/v1\/wp-content\/uploads\/2013\/09\/social-press-1646-20130926-15.jpg\" width=\"450\" height=\"338\" srcset=\"https:\/\/www.brazilianpress.com\/v1\/wp-content\/uploads\/2013\/09\/social-press-1646-20130926-15.jpg 450w, https:\/\/www.brazilianpress.com\/v1\/wp-content\/uploads\/2013\/09\/social-press-1646-20130926-15-300x225.jpg 300w\" sizes=\"(max-width: 450px) 100vw, 450px\" \/><br \/>\nVida Boa: os irm\u00e3os Jos\u00e9 e Rafael Moreira, ao lado de Luie Nascimento e amigos curtiram o som de Israel Novaes no Pal\u00e1cio Europa.<\/strong><\/em><\/p>\n<p><em><strong><img loading=\"lazy\" class=\"alignnone size-full wp-image-3063\" alt=\"social press 1646 20130926 (16)\" src=\"http:\/\/www.brazilianpress.com\/v1\/wp-content\/uploads\/2013\/09\/social-press-1646-20130926-16.jpg\" width=\"350\" height=\"350\" srcset=\"https:\/\/www.brazilianpress.com\/v1\/wp-content\/uploads\/2013\/09\/social-press-1646-20130926-16.jpg 350w, https:\/\/www.brazilianpress.com\/v1\/wp-content\/uploads\/2013\/09\/social-press-1646-20130926-16-150x150.jpg 150w, https:\/\/www.brazilianpress.com\/v1\/wp-content\/uploads\/2013\/09\/social-press-1646-20130926-16-300x300.jpg 300w\" sizes=\"(max-width: 350px) 100vw, 350px\" \/><br \/>\nForte abra\u00e7o a esse lindo casal jovem, Bruno Mendes e Isabela Siqueira. Deus Aben\u00e7oe Grandemente!<\/strong><\/em><\/p>\n<p><em><strong><img loading=\"lazy\" class=\"alignnone size-full wp-image-3064\" alt=\"social press 1646 20130926 (17)\" src=\"http:\/\/www.brazilianpress.com\/v1\/wp-content\/uploads\/2013\/09\/social-press-1646-20130926-17.jpg\" width=\"450\" height=\"338\" srcset=\"https:\/\/www.brazilianpress.com\/v1\/wp-content\/uploads\/2013\/09\/social-press-1646-20130926-17.jpg 450w, https:\/\/www.brazilianpress.com\/v1\/wp-content\/uploads\/2013\/09\/social-press-1646-20130926-17-300x225.jpg 300w\" sizes=\"(max-width: 450px) 100vw, 450px\" \/><br \/>\nDa Bahia para o Palco do Rock: Isabele Barbosa, celebrando mais uma Primavera e o namorado Elimar Santana foram conferir o Rock Pauleira no Rock In Rio.<\/strong><\/em><\/p>\n<p><em><strong><img loading=\"lazy\" class=\"alignnone size-full wp-image-3065\" alt=\"social press 1646 20130926 (18)\" src=\"http:\/\/www.brazilianpress.com\/v1\/wp-content\/uploads\/2013\/09\/social-press-1646-20130926-18.jpg\" width=\"450\" height=\"336\" srcset=\"https:\/\/www.brazilianpress.com\/v1\/wp-content\/uploads\/2013\/09\/social-press-1646-20130926-18.jpg 450w, https:\/\/www.brazilianpress.com\/v1\/wp-content\/uploads\/2013\/09\/social-press-1646-20130926-18-300x224.jpg 300w\" sizes=\"(max-width: 450px) 100vw, 450px\" \/><br \/>\nSauda\u00e7\u00f5es ao nosso amigo e leitor o DJ Eddy Zhumi, esquentando a pista do Paleio Grill com os melhores ritmos latinos.<\/strong><\/em><\/p>\n<p><em><strong><img loading=\"lazy\" class=\"alignnone size-full wp-image-3049\" alt=\"social press 1646 20130926 (2)\" src=\"http:\/\/www.brazilianpress.com\/v1\/wp-content\/uploads\/2013\/09\/social-press-1646-20130926-2.jpg\" width=\"450\" height=\"300\" srcset=\"https:\/\/www.brazilianpress.com\/v1\/wp-content\/uploads\/2013\/09\/social-press-1646-20130926-2.jpg 450w, https:\/\/www.brazilianpress.com\/v1\/wp-content\/uploads\/2013\/09\/social-press-1646-20130926-2-300x200.jpg 300w\" sizes=\"(max-width: 450px) 100vw, 450px\" \/><br \/>\nSauda\u00e7\u00f5es \u00e0 equipe de atendimento do Cacha\u00e7aria, M\u00e1rcia e este simp\u00e1tico Bartender. Sucesso Galera!<\/strong><\/em><\/p>\n<p><em><strong><img loading=\"lazy\" class=\"alignnone size-full wp-image-3050\" alt=\"social press 1646 20130926 (3)\" src=\"http:\/\/www.brazilianpress.com\/v1\/wp-content\/uploads\/2013\/09\/social-press-1646-20130926-3.jpg\" width=\"450\" height=\"338\" srcset=\"https:\/\/www.brazilianpress.com\/v1\/wp-content\/uploads\/2013\/09\/social-press-1646-20130926-3.jpg 450w, https:\/\/www.brazilianpress.com\/v1\/wp-content\/uploads\/2013\/09\/social-press-1646-20130926-3-300x225.jpg 300w\" sizes=\"(max-width: 450px) 100vw, 450px\" \/><br \/>\nAs amigas Fernanda e Kely, aproveitaram o Belo dia de Outono, para saber do encontro do nosso amigo Rigo com a Super Star Cher, enquanto saboreavam as del\u00edcias do Altas Horas Lanches. Chique!<\/strong><\/em><\/p>\n<p><em><strong><img loading=\"lazy\" class=\"alignnone size-full wp-image-3051\" alt=\"social press 1646 20130926 (4)\" src=\"http:\/\/www.brazilianpress.com\/v1\/wp-content\/uploads\/2013\/09\/social-press-1646-20130926-4.jpg\" width=\"350\" height=\"416\" srcset=\"https:\/\/www.brazilianpress.com\/v1\/wp-content\/uploads\/2013\/09\/social-press-1646-20130926-4.jpg 350w, https:\/\/www.brazilianpress.com\/v1\/wp-content\/uploads\/2013\/09\/social-press-1646-20130926-4-252x300.jpg 252w\" sizes=\"(max-width: 350px) 100vw, 350px\" \/><br \/>\nHappy Birthday ao camarada Fl\u00e1vio, que celebrou seu anivers\u00e1rio ao lado de amigos e da encantadora Stephanie Sequeira.<\/strong><\/em><\/p>\n<p><em><strong><img loading=\"lazy\" class=\"alignnone size-full wp-image-3052\" alt=\"social press 1646 20130926 (5)\" src=\"http:\/\/www.brazilianpress.com\/v1\/wp-content\/uploads\/2013\/09\/social-press-1646-20130926-5.jpg\" width=\"450\" height=\"360\" srcset=\"https:\/\/www.brazilianpress.com\/v1\/wp-content\/uploads\/2013\/09\/social-press-1646-20130926-5.jpg 450w, https:\/\/www.brazilianpress.com\/v1\/wp-content\/uploads\/2013\/09\/social-press-1646-20130926-5-300x240.jpg 300w\" sizes=\"(max-width: 450px) 100vw, 450px\" \/><br \/>\nA aniversariante Cristina, recebeu os abra\u00e7os dos amigos, e nossa patroa Daniele de Souza, esteve presente para comemorar a data especial. Felicidades!<\/strong><\/em><\/p>\n<p><em><strong><img loading=\"lazy\" class=\"alignnone size-full wp-image-3053\" alt=\"social press 1646 20130926 (6)\" src=\"http:\/\/www.brazilianpress.com\/v1\/wp-content\/uploads\/2013\/09\/social-press-1646-20130926-6.jpg\" width=\"450\" height=\"300\" srcset=\"https:\/\/www.brazilianpress.com\/v1\/wp-content\/uploads\/2013\/09\/social-press-1646-20130926-6.jpg 450w, https:\/\/www.brazilianpress.com\/v1\/wp-content\/uploads\/2013\/09\/social-press-1646-20130926-6-300x200.jpg 300w\" sizes=\"(max-width: 450px) 100vw, 450px\" \/><br \/>\nNosso amigo Luis Edu Duran sempre bem acompanhado curtindo a Sextaneja do Casa Nova Grill. Amanh\u00e3 Tem!!!<\/strong><\/em><\/p>\n<p><em><strong><img loading=\"lazy\" class=\"alignnone size-full wp-image-3054\" alt=\"social press 1646 20130926 (7)\" src=\"http:\/\/www.brazilianpress.com\/v1\/wp-content\/uploads\/2013\/09\/social-press-1646-20130926-7.jpg\" width=\"450\" height=\"300\" srcset=\"https:\/\/www.brazilianpress.com\/v1\/wp-content\/uploads\/2013\/09\/social-press-1646-20130926-7.jpg 450w, https:\/\/www.brazilianpress.com\/v1\/wp-content\/uploads\/2013\/09\/social-press-1646-20130926-7-300x200.jpg 300w\" sizes=\"(max-width: 450px) 100vw, 450px\" \/><br \/>\nRe\u00fana os amigos e fa\u00e7a a Festa no Boi na Brasa Grill. Al\u00e9m do variado card\u00e1pio de Frutos do Mar e o Famoso Churrasco Ga\u00facho, ambiente requintado, e M\u00fasica ao Vivo \u00e9 o lugar ideal para paquerar!<\/strong><\/em><\/p>\n<p><em><strong><img loading=\"lazy\" class=\"alignnone size-full wp-image-3055\" alt=\"social press 1646 20130926 (8)\" src=\"http:\/\/www.brazilianpress.com\/v1\/wp-content\/uploads\/2013\/09\/social-press-1646-20130926-8.jpg\" width=\"350\" height=\"467\" srcset=\"https:\/\/www.brazilianpress.com\/v1\/wp-content\/uploads\/2013\/09\/social-press-1646-20130926-8.jpg 350w, https:\/\/www.brazilianpress.com\/v1\/wp-content\/uploads\/2013\/09\/social-press-1646-20130926-8-224x300.jpg 224w\" sizes=\"(max-width: 350px) 100vw, 350px\" \/><br \/>\nEita Felicidade: o Paulista Fernando Mosconi recebendo o dengo da mam\u00e3e Margaret Vicente em visita aos States, curtindo a anima\u00e7\u00e3o do Brasilia Grill.<\/strong><\/em><\/p>\n<p><em><strong><img loading=\"lazy\" class=\"alignnone size-full wp-image-3056\" alt=\"social press 1646 20130926 (9)\" src=\"http:\/\/www.brazilianpress.com\/v1\/wp-content\/uploads\/2013\/09\/social-press-1646-20130926-9.jpg\" width=\"450\" height=\"338\" srcset=\"https:\/\/www.brazilianpress.com\/v1\/wp-content\/uploads\/2013\/09\/social-press-1646-20130926-9.jpg 450w, https:\/\/www.brazilianpress.com\/v1\/wp-content\/uploads\/2013\/09\/social-press-1646-20130926-9-300x225.jpg 300w\" sizes=\"(max-width: 450px) 100vw, 450px\" \/><br \/>\nPr\u00f3ximo domingo, 6 de outubro acontece o 12\u00ba Kids Festival realizado pelo Brazilian Press Newspaper, trazendo alegria e divers\u00e3o para a crian\u00e7ada. Tudo completamente Gratuito! Para patrocinar e participar ligue (973)344-4555. Venha Celebrar a Crian\u00e7a em Todos N\u00f3s!<\/strong><\/em><\/p>\n<p><em><strong><img loading=\"lazy\" class=\"alignnone size-full wp-image-3057\" alt=\"social press 1646 20130926 (10)\" src=\"http:\/\/www.brazilianpress.com\/v1\/wp-content\/uploads\/2013\/09\/social-press-1646-20130926-10.jpg\" width=\"450\" height=\"300\" srcset=\"https:\/\/www.brazilianpress.com\/v1\/wp-content\/uploads\/2013\/09\/social-press-1646-20130926-10.jpg 450w, https:\/\/www.brazilianpress.com\/v1\/wp-content\/uploads\/2013\/09\/social-press-1646-20130926-10-300x200.jpg 300w\" sizes=\"(max-width: 450px) 100vw, 450px\" \/><br \/>\nDurante visita a Newark, as fam\u00edlias Lopes, de Portchester, e Andrade de Wayne, foram saborear o Rod\u00edzio de Pizza no Mega Pizza da Market Street. Confira!<\/strong><\/em><\/p>\n","protected":false},"excerpt":{"rendered":"<p>A Galera super animada, presente nos agitos Musicais do Boi na Brasa Grill, que inclui a sensa\u00e7\u00e3o Mistura Fina \u00e0s sextas e o Melhor Pagod\u00e3o do Ironbound aos domingos. Parab\u00e9ns ao camarada Hugo Bianchini, que acaba de graduar-se no curso de modelo ministrado pela Barbizon School em Manhattan, e celebrou com uma festa glamourosa no New Yorker Hotel. O simp\u00e1tico casal Ana Paula e Higrio, acompanhado das filhotas Poliana e Alissa, saboreando um delicioso almo\u00e7o no Casa Nova Grill, ao som leve da MPB da dupla Paulo e Jabour s\u00e1bado passado.<\/p>\n","protected":false},"author":1,"featured_media":3059,"comment_status":"open","ping_status":"open","sticky":false,"template":"","format":"standard","meta":{"_links_to":"","_links_to_target":""},"categories":[1,6],"tags":[],"views":3804,"_links":{"self":[{"href":"https:\/\/www.brazilianpress.com\/v1\/wp-json\/wp\/v2\/posts\/3047"}],"collection":[{"href":"https:\/\/www.brazilianpress.com\/v1\/wp-json\/wp\/v2\/posts"}],"about":[{"href":"https:\/\/www.brazilianpress.com\/v1\/wp-json\/wp\/v2\/types\/post"}],"author":[{"embeddable":true,"href":"https:\/\/www.brazilianpress.com\/v1\/wp-json\/wp\/v2\/users\/1"}],"replies":[{"embeddable":true,"href":"https:\/\/www.brazilianpress.com\/v1\/wp-json\/wp\/v2\/comments?post=3047"}],"version-history":[{"count":3,"href":"https:\/\/www.brazilianpress.com\/v1\/wp-json\/wp\/v2\/posts\/3047\/revisions"}],"predecessor-version":[{"id":3068,"href":"https:\/\/www.brazilianpress.com\/v1\/wp-json\/wp\/v2\/posts\/3047\/revisions\/3068"}],"wp:featuredmedia":[{"embeddable":true,"href":"https:\/\/www.brazilianpress.com\/v1\/wp-json\/wp\/v2\/media\/3059"}],"wp:attachment":[{"href":"https:\/\/www.brazilianpress.com\/v1\/wp-json\/wp\/v2\/media?parent=3047"}],"wp:term":[{"taxonomy":"category","embeddable":true,"href":"https:\/\/www.brazilianpress.com\/v1\/wp-json\/wp\/v2\/categories?post=3047"},{"taxonomy":"post_tag","embeddable":true,"href":"https:\/\/www.brazilianpress.com\/v1\/wp-json\/wp\/v2\/tags?post=3047"}],"curies":[{"name":"wp","href":"https:\/\/api.w.org\/{rel}","templated":true}]}}