{"id":30854,"date":"2017-10-05T09:26:13","date_gmt":"2017-10-05T13:26:13","guid":{"rendered":"http:\/\/www.brazilianpress.com\/v1\/?p=30854"},"modified":"2017-10-05T09:26:13","modified_gmt":"2017-10-05T13:26:13","slug":"agenda-cultural-51017-by-roger-costa","status":"publish","type":"post","link":"https:\/\/www.brazilianpress.com\/v1\/2017\/10\/05\/agenda-cultural-51017-by-roger-costa\/","title":{"rendered":"Agenda Cultural 5\/10\/17, by Roger Costa"},"content":{"rendered":"<p>*Sensa\u00e7\u00e3o na TV e na Europa, Patrizio Buanne apresenta-se em Newark&gt; Ap\u00f3s rodar a Europa a bordo de sua nova turn\u00ea, o italiano Patrizio Buanne retorna aos States, celebrando 10 anos desde que se apresentou aqui pela primeira vez, com show exclusivo no NJPAC (1 Center Street) neste s\u00e1bado \u00e0s 8h00 da noite. Int\u00e9rprete frequentemente transmitido pela TV PBS, respeitado por seu estilo rom\u00e2ntico e dan\u00e7ante que reflete a cultura, tradi\u00e7\u00e3o e maravilhas da &#8220;Dolce Vita&#8221;, Buanne \u00e9 tamb\u00e9m considerado como uma mistura entre Julio Iglesias e Tom Jones, dono de hits como &#8220;Mambo Italiano&#8221; e &#8220;Il Mondo&#8221;. <em>Ingresso $50. INFO: <\/em><em><a href=\"www.njpac.org\">www.njpac.org<\/a><\/em><em>.<\/em><\/p>\n<p><img loading=\"lazy\" class=\"alignnone size-full wp-image-30858\" src=\"http:\/\/www.brazilianpress.com\/v1\/wp-content\/uploads\/2017\/10\/A-vibrante-companhia-Ballet-West.jpg\" alt=\"\" width=\"660\" height=\"397\" srcset=\"https:\/\/www.brazilianpress.com\/v1\/wp-content\/uploads\/2017\/10\/A-vibrante-companhia-Ballet-West.jpg 660w, https:\/\/www.brazilianpress.com\/v1\/wp-content\/uploads\/2017\/10\/A-vibrante-companhia-Ballet-West-300x180.jpg 300w\" sizes=\"(max-width: 660px) 100vw, 660px\" \/><br \/>\n*A vibrante companhia Ballet West retorna ao palco do The Joyce Theater&gt; Depois do sucesso da temporada de debut em 2015, a grandiosa e vibrante companhia de ballet moderno retorna com duas estreias: Fox on the Doorstep, assinado por Nicolo Fonte, e o luminoso Dances for Lou de Val Caniparoli. Formado por dan\u00e7arinos elegantes e energizados, sob lideran\u00e7a do Diretor Art\u00edstico Adam Sklute, a companhia recentemente apresentou-se no National Choreographic Festival conquistando a plateia com sua vitalidade. De 11 a 14 de outubro. Ingresso a partir de $10. <em>INFO:\u00a0 <\/em><em><a href=\"http:\/\/joyce.org\/performances\/ballet-west\">http:\/\/joyce.org\/performances\/ballet-west<\/a><\/em><em>. <\/em><\/p>\n<p><img loading=\"lazy\" class=\"alignnone size-full wp-image-30856\" src=\"http:\/\/www.brazilianpress.com\/v1\/wp-content\/uploads\/2017\/10\/Artistas-celebram-o-icone-do-Flamenco.jpg\" alt=\"\" width=\"660\" height=\"361\" srcset=\"https:\/\/www.brazilianpress.com\/v1\/wp-content\/uploads\/2017\/10\/Artistas-celebram-o-icone-do-Flamenco.jpg 660w, https:\/\/www.brazilianpress.com\/v1\/wp-content\/uploads\/2017\/10\/Artistas-celebram-o-icone-do-Flamenco-300x164.jpg 300w\" sizes=\"(max-width: 660px) 100vw, 660px\" \/><br \/>\n*Artistas celebram o \u00edcone do Flamenco Paco de Luc\u00eda com novo projeto musical&gt; Criado pelo m\u00faltiplo vencedor do Grammy Javier Lim\u00f3n, The Paco de Luc\u00eda Project, reunir\u00e1 os m\u00fasicos originais da banda que acompanhou o \u00edcone do Flamenco durante os \u00faltimos 10 anos de sua carreira. O show realizado pela World Music Institute, acontecer\u00e1 no pr\u00f3ximo s\u00e1bado, dia 14, \u00e0s 8h00 da noite, com pr\u00e9-sess\u00e3o de Bate-Papo \u00e0s 7h00 no Symphony Space. Paco era considerado o maior guitarrista de Flamenco e um dos grandes representantes da m\u00fasica tradicional espanhola. Ingresso $35-$65. <em>INFO: <\/em><em><a href=\"https:\/\/www.symphonyspace.org\/home\">https:\/\/www.symphonyspace.org\/home<\/a>.<\/em><\/p>\n<p><img loading=\"lazy\" class=\"alignnone size-full wp-image-30857\" src=\"http:\/\/www.brazilianpress.com\/v1\/wp-content\/uploads\/2017\/10\/Realizadores-portugueses-estreiam-filmes.jpg\" alt=\"\" width=\"660\" height=\"371\" srcset=\"https:\/\/www.brazilianpress.com\/v1\/wp-content\/uploads\/2017\/10\/Realizadores-portugueses-estreiam-filmes.jpg 660w, https:\/\/www.brazilianpress.com\/v1\/wp-content\/uploads\/2017\/10\/Realizadores-portugueses-estreiam-filmes-300x169.jpg 300w\" sizes=\"(max-width: 660px) 100vw, 660px\" \/><br \/>\n*Realizadores portugueses estreiam filmes experimentais no 55th New York Film Festival&gt; Entre as m\u00faltiplas atra\u00e7\u00f5es do respeitado Festival, a s\u00e9rie Projections apresenta novas tend\u00eancias em narrativas experimentais, exibindo curtas de v\u00e1rias partes do mundo, incluindo diretores emergentes portugueses. &#8220;Flores&#8221; (Programa 1, exibi\u00e7\u00e3o sexta e s\u00e1bado) de Jorge J\u00e1come \u00e9 ambientado na Ilha dos Azores, e &#8220;Barbs, Wastelands&#8221; (na foto; Programa 6, exibi\u00e7\u00e3o na segunda) de Marta Mateus tem foco em um movimento de reforma agr\u00e1ria no Alentejo. Ingresso $15. <em>INFO: <\/em><em><a href=\"https:\/\/www.filmlinc.org\/nyff2017\/sections\/projections\/\">https:\/\/www.filmlinc.org\/nyff2017\/sections\/projections\/<\/a><\/em><\/p>\n","protected":false},"excerpt":{"rendered":"<p>*Sensa\u00e7\u00e3o na TV e na Europa, Patrizio Buanne apresenta-se em Newark&gt; Ap\u00f3s rodar a Europa a bordo de sua nova turn\u00ea, o italiano Patrizio Buanne retorna aos States, celebrando 10 anos desde que se apresentou aqui pela primeira vez, com show exclusivo no NJPAC (1 Center Street) neste s\u00e1bado \u00e0s 8h00 da noite. Int\u00e9rprete frequentemente transmitido pela TV PBS, respeitado por seu estilo rom\u00e2ntico e dan\u00e7ante que reflete a cultura, tradi\u00e7\u00e3o e maravilhas da &#8220;Dolce Vita&#8221;, Buanne \u00e9 tamb\u00e9m considerado como uma mistura entre Julio Iglesias e Tom Jones, dono de hits como &#8220;Mambo Italiano&#8221; e &#8220;Il Mondo&#8221;. Ingresso $50. [&hellip;]<\/p>\n","protected":false},"author":1,"featured_media":30855,"comment_status":"open","ping_status":"open","sticky":false,"template":"","format":"standard","meta":{"_links_to":"","_links_to_target":""},"categories":[20,3,1],"tags":[],"views":3180,"_links":{"self":[{"href":"https:\/\/www.brazilianpress.com\/v1\/wp-json\/wp\/v2\/posts\/30854"}],"collection":[{"href":"https:\/\/www.brazilianpress.com\/v1\/wp-json\/wp\/v2\/posts"}],"about":[{"href":"https:\/\/www.brazilianpress.com\/v1\/wp-json\/wp\/v2\/types\/post"}],"author":[{"embeddable":true,"href":"https:\/\/www.brazilianpress.com\/v1\/wp-json\/wp\/v2\/users\/1"}],"replies":[{"embeddable":true,"href":"https:\/\/www.brazilianpress.com\/v1\/wp-json\/wp\/v2\/comments?post=30854"}],"version-history":[{"count":1,"href":"https:\/\/www.brazilianpress.com\/v1\/wp-json\/wp\/v2\/posts\/30854\/revisions"}],"predecessor-version":[{"id":30859,"href":"https:\/\/www.brazilianpress.com\/v1\/wp-json\/wp\/v2\/posts\/30854\/revisions\/30859"}],"wp:featuredmedia":[{"embeddable":true,"href":"https:\/\/www.brazilianpress.com\/v1\/wp-json\/wp\/v2\/media\/30855"}],"wp:attachment":[{"href":"https:\/\/www.brazilianpress.com\/v1\/wp-json\/wp\/v2\/media?parent=30854"}],"wp:term":[{"taxonomy":"category","embeddable":true,"href":"https:\/\/www.brazilianpress.com\/v1\/wp-json\/wp\/v2\/categories?post=30854"},{"taxonomy":"post_tag","embeddable":true,"href":"https:\/\/www.brazilianpress.com\/v1\/wp-json\/wp\/v2\/tags?post=30854"}],"curies":[{"name":"wp","href":"https:\/\/api.w.org\/{rel}","templated":true}]}}