{"id":3086,"date":"2013-09-26T17:56:20","date_gmt":"2013-09-26T21:56:20","guid":{"rendered":"http:\/\/www.brazilianpress.com\/v1\/?p=3086"},"modified":"2013-09-26T19:23:30","modified_gmt":"2013-09-26T23:23:30","slug":"vereador-augusto-amador-se-encontra-com-seniors-no-fire-house-em-newark","status":"publish","type":"post","link":"https:\/\/www.brazilianpress.com\/v1\/2013\/09\/26\/vereador-augusto-amador-se-encontra-com-seniors-no-fire-house-em-newark\/","title":{"rendered":"Vereador Augusto Amador se encontra com seniors no Fire House, em Newark"},"content":{"rendered":"<p><img loading=\"lazy\" class=\"alignnone size-full wp-image-3089\" alt=\"amador 1\" src=\"http:\/\/www.brazilianpress.com\/v1\/wp-content\/uploads\/2013\/09\/amador-1.jpg\" width=\"500\" height=\"322\" srcset=\"https:\/\/www.brazilianpress.com\/v1\/wp-content\/uploads\/2013\/09\/amador-1.jpg 500w, https:\/\/www.brazilianpress.com\/v1\/wp-content\/uploads\/2013\/09\/amador-1-300x193.jpg 300w\" sizes=\"(max-width: 500px) 100vw, 500px\" \/><\/p>\n<p>Vereador Augusto Amador\u00a0 encontrou com\u00a0 os seniors\u00a0 nesta quarta feira\u00a0\u00a0 no Fire House\u00a0 da Prospect St\u00a0 em Newark, \u00a0como parte da programa\u00e7\u00e3o do Ironbound Multicultural Festival, que acontece at\u00e9 o domingo dia 29 de Setembro, onde estiveram presentes , artistas, escritores e v\u00e1rias obras em exposi\u00e7\u00e3o e uma apresenta\u00e7\u00e3o do cantor de \u00d3pera Fernando Zambotti. <!--more--><\/p>\n<p>O vereador\u00a0 comentou que pretende transformar parte\u00a0 do fire house em um espa\u00e7o cultural permanente para expor o vasto material de artistas presentes em nossa regi\u00e3o. Para mais informa\u00e7\u00f5es ligue: (973) 733-3665 \/ (973) 733-5309.<\/p>\n<p><img loading=\"lazy\" class=\"alignnone size-full wp-image-3087\" alt=\"augusto amador (2)\" src=\"http:\/\/www.brazilianpress.com\/v1\/wp-content\/uploads\/2013\/09\/augusto-amador-2.jpg\" width=\"500\" height=\"306\" srcset=\"https:\/\/www.brazilianpress.com\/v1\/wp-content\/uploads\/2013\/09\/augusto-amador-2.jpg 500w, https:\/\/www.brazilianpress.com\/v1\/wp-content\/uploads\/2013\/09\/augusto-amador-2-300x183.jpg 300w\" sizes=\"(max-width: 500px) 100vw, 500px\" \/><\/p>\n<p><img loading=\"lazy\" class=\"alignnone size-medium wp-image-3088\" alt=\"augusto amador (3)\" src=\"http:\/\/www.brazilianpress.com\/v1\/wp-content\/uploads\/2013\/09\/augusto-amador-3-148x300.jpg\" width=\"148\" height=\"300\" \/><\/p>\n","protected":false},"excerpt":{"rendered":"<p>Vereador Augusto Amador\u00a0 encontrou com\u00a0 os seniors\u00a0 nesta quarta feira\u00a0\u00a0 no Fire House\u00a0 da Prospect St\u00a0 em Newark, \u00a0como parte da programa\u00e7\u00e3o do Ironbound Multicultural Festival, que acontece at\u00e9 o domingo dia 29 de Setembro, onde estiveram presentes , artistas, escritores e v\u00e1rias obras em exposi\u00e7\u00e3o e uma apresenta\u00e7\u00e3o do cantor de \u00d3pera Fernando Zambotti.<\/p>\n","protected":false},"author":1,"featured_media":3089,"comment_status":"open","ping_status":"open","sticky":false,"template":"","format":"standard","meta":{"_links_to":"","_links_to_target":""},"categories":[4,1],"tags":[],"views":2256,"_links":{"self":[{"href":"https:\/\/www.brazilianpress.com\/v1\/wp-json\/wp\/v2\/posts\/3086"}],"collection":[{"href":"https:\/\/www.brazilianpress.com\/v1\/wp-json\/wp\/v2\/posts"}],"about":[{"href":"https:\/\/www.brazilianpress.com\/v1\/wp-json\/wp\/v2\/types\/post"}],"author":[{"embeddable":true,"href":"https:\/\/www.brazilianpress.com\/v1\/wp-json\/wp\/v2\/users\/1"}],"replies":[{"embeddable":true,"href":"https:\/\/www.brazilianpress.com\/v1\/wp-json\/wp\/v2\/comments?post=3086"}],"version-history":[{"count":4,"href":"https:\/\/www.brazilianpress.com\/v1\/wp-json\/wp\/v2\/posts\/3086\/revisions"}],"predecessor-version":[{"id":3172,"href":"https:\/\/www.brazilianpress.com\/v1\/wp-json\/wp\/v2\/posts\/3086\/revisions\/3172"}],"wp:featuredmedia":[{"embeddable":true,"href":"https:\/\/www.brazilianpress.com\/v1\/wp-json\/wp\/v2\/media\/3089"}],"wp:attachment":[{"href":"https:\/\/www.brazilianpress.com\/v1\/wp-json\/wp\/v2\/media?parent=3086"}],"wp:term":[{"taxonomy":"category","embeddable":true,"href":"https:\/\/www.brazilianpress.com\/v1\/wp-json\/wp\/v2\/categories?post=3086"},{"taxonomy":"post_tag","embeddable":true,"href":"https:\/\/www.brazilianpress.com\/v1\/wp-json\/wp\/v2\/tags?post=3086"}],"curies":[{"name":"wp","href":"https:\/\/api.w.org\/{rel}","templated":true}]}}