{"id":3132,"date":"2013-09-26T15:37:20","date_gmt":"2013-09-26T19:37:20","guid":{"rendered":"http:\/\/www.brazilianpress.com\/v1\/?p=3132"},"modified":"2013-09-26T15:37:20","modified_gmt":"2013-09-26T19:37:20","slug":"dorival-tem-pior-aproveitamento-no-vasco-e-ve-gaucho-lider-em-2013","status":"publish","type":"post","link":"https:\/\/www.brazilianpress.com\/v1\/2013\/09\/26\/dorival-tem-pior-aproveitamento-no-vasco-e-ve-gaucho-lider-em-2013\/","title":{"rendered":"Dorival tem pior aproveitamento no Vasco e v\u00ea Ga\u00facho l\u00edder em 2013"},"content":{"rendered":"<p><img loading=\"lazy\" class=\"alignnone size-full wp-image-3133\" alt=\"dorival junior vasco\" src=\"http:\/\/www.brazilianpress.com\/v1\/wp-content\/uploads\/2013\/09\/dorival-junior-vasco.jpg\" width=\"500\" height=\"300\" srcset=\"https:\/\/www.brazilianpress.com\/v1\/wp-content\/uploads\/2013\/09\/dorival-junior-vasco.jpg 500w, https:\/\/www.brazilianpress.com\/v1\/wp-content\/uploads\/2013\/09\/dorival-junior-vasco-300x180.jpg 300w\" sizes=\"(max-width: 500px) 100vw, 500px\" \/><\/p>\n<p>O momento delicado do Vasco na temporada aparece cada vez mais nos n\u00fameros. Questionado nos bastidores de S\u00e3o Janu\u00e1rio, o t\u00e9cnico Dorival J\u00fanior tem o pior aproveitamento entre os profissionais que passaram pelo clube em 2013. O comandante \u00e9 superado por Paulo Autuori e v\u00ea G\u00e1ucho como detentor do melhor desempenho no ano.<!--more--><\/p>\n<p>A luta contra o rebaixamento no Campeonato Brasileiro e os n\u00fameros modestos aumentaram a press\u00e3o sob Dorival. O treinador dirigiu o Vasco em 19 jogos. Ele venceu seis partidas, empatou cinco vezes e foi derrotado em oito oportunidades. O aproveitamento de 40% \u00e9 inferior ao de Paulo Autuori.<\/p>\n<p>O ex-comandante cruzmaltino deixou o cargo ao alegar falta de compromisso dos dirigentes com o pagamento dos sal\u00e1rios atrasados. Ele esteve no Vasco em 11 jogos (quatro vit\u00f3rias, dois empates e cinco derrotas) e conquistou 42% dos pontos. Por\u00e9m, os profissionais consagrados s\u00e3o superados com relativa folga pelo t\u00e9cnico Ga\u00facho.<\/p>\n<p>O eterno &#8220;interino&#8221; cruzmaltino foi demitido na Ta\u00e7a Rio ap\u00f3s trope\u00e7os para Volta Redonda e Nova Igua\u00e7u. Ele deixou o Vasco com 52% de aproveitamento depois de levar o time ao vice-campeonato da Ta\u00e7a Guanabara. Foram 12 jogos, com seis vit\u00f3rias, um empate e cinco derrotas. Ga\u00facho ainda lamenta a forma como deixou S\u00e3o Janu\u00e1rio e mostra preocupa\u00e7\u00e3o com o futuro da equipe no Brasileir\u00e3o.<\/p>\n<p>&#8220;Estou muito triste com tudo o que est\u00e1 acontecendo. Houve uma falta de habilidade enorme na minha sa\u00edda. Trope\u00e7amos, mas as coisas seriam acertadas com tranquilidade. Peguei o time e contornei os problemas nos bastidores, Os n\u00fameros mostram que o trabalho estava no caminho certo. Isso me deixa feliz e satisfeito, mas respeito bastante o Autuori e o Dorival. N\u00e3o tenho que falar sobre o que foi feito, pois a fase atual \u00e9 muito s\u00e9ria&#8221;, afirmou.<\/p>\n<p>O Cruzmaltino faz o primeiro jogo pelas quartas de final da Copa do Brasil, contra o Goi\u00e1s, quarta-feira, \u00e0s 21h50, no est\u00e1dio Serra Dourada. Entretanto, a preocupa\u00e7\u00e3o com o rebaixamento no Campeonato Brasileiro domina os bastidores. Ga\u00facho apontou as dificuldades para Dorival J\u00fanior colocar o trabalho de volta no rumo em um momento desfavor\u00e1vel.<\/p>\n<p>&#8220;O Vasco est\u00e1 em um caminho muito tumultuado. N\u00e3o \u00e9 simples resolver as coisas dentro de uma competi\u00e7\u00e3o dif\u00edcil. Tenho muito carinho pelo Dorival e sabemos que n\u00e3o existe milagre no futebol. O treinador fica impotente diante de tantos problemas. Tor\u00e7o para que ele encontre o rumo. N\u00e3o quero pensar em rebaixamento. O problema \u00e9 que o quadro fica mais dif\u00edcil a cada dia. Mas acho que ainda d\u00e1 pela for\u00e7a do clube, a uni\u00e3o com a torcida e vontade dos jogadores&#8221;, encerrou.<\/p>\n<p>A diretoria do Vasco realizou mais uma etapa de reuni\u00f5es na \u00faltima segunda-feira. A expectativa \u00e9 pela homologa\u00e7\u00e3o da Justi\u00e7a at\u00e9 o final da semana pelo acordo com a Fazenda Nacional para retirar as certid\u00f5es negativas de d\u00e9bitos &#8211; documento que comprova a renegocia\u00e7\u00e3o de d\u00edvidas com o Governo Federal. O fim do imbr\u00f3glio promete aliviar os cofres com a assinatura de patroc\u00ednios e o pagamento dos sal\u00e1rios atrasados, fator com influ\u00eancia direta no trabalho de Dorival J\u00fanior.<\/p>\n","protected":false},"excerpt":{"rendered":"<p>O momento delicado do Vasco na temporada aparece cada vez mais nos n\u00fameros. Questionado nos bastidores de S\u00e3o Janu\u00e1rio, o t\u00e9cnico Dorival J\u00fanior tem o pior aproveitamento entre os profissionais que passaram pelo clube em 2013. O comandante \u00e9 superado por Paulo Autuori e v\u00ea G\u00e1ucho como detentor do melhor desempenho no ano.<\/p>\n","protected":false},"author":1,"featured_media":3133,"comment_status":"open","ping_status":"open","sticky":false,"template":"","format":"standard","meta":{"_links_to":"","_links_to_target":""},"categories":[9,1],"tags":[],"views":3107,"_links":{"self":[{"href":"https:\/\/www.brazilianpress.com\/v1\/wp-json\/wp\/v2\/posts\/3132"}],"collection":[{"href":"https:\/\/www.brazilianpress.com\/v1\/wp-json\/wp\/v2\/posts"}],"about":[{"href":"https:\/\/www.brazilianpress.com\/v1\/wp-json\/wp\/v2\/types\/post"}],"author":[{"embeddable":true,"href":"https:\/\/www.brazilianpress.com\/v1\/wp-json\/wp\/v2\/users\/1"}],"replies":[{"embeddable":true,"href":"https:\/\/www.brazilianpress.com\/v1\/wp-json\/wp\/v2\/comments?post=3132"}],"version-history":[{"count":2,"href":"https:\/\/www.brazilianpress.com\/v1\/wp-json\/wp\/v2\/posts\/3132\/revisions"}],"predecessor-version":[{"id":3135,"href":"https:\/\/www.brazilianpress.com\/v1\/wp-json\/wp\/v2\/posts\/3132\/revisions\/3135"}],"wp:featuredmedia":[{"embeddable":true,"href":"https:\/\/www.brazilianpress.com\/v1\/wp-json\/wp\/v2\/media\/3133"}],"wp:attachment":[{"href":"https:\/\/www.brazilianpress.com\/v1\/wp-json\/wp\/v2\/media?parent=3132"}],"wp:term":[{"taxonomy":"category","embeddable":true,"href":"https:\/\/www.brazilianpress.com\/v1\/wp-json\/wp\/v2\/categories?post=3132"},{"taxonomy":"post_tag","embeddable":true,"href":"https:\/\/www.brazilianpress.com\/v1\/wp-json\/wp\/v2\/tags?post=3132"}],"curies":[{"name":"wp","href":"https:\/\/api.w.org\/{rel}","templated":true}]}}