{"id":3143,"date":"2013-09-26T15:57:56","date_gmt":"2013-09-26T19:57:56","guid":{"rendered":"http:\/\/www.brazilianpress.com\/v1\/?p=3143"},"modified":"2013-09-26T15:57:56","modified_gmt":"2013-09-26T19:57:56","slug":"brasil-podera-conceder-vistos-a-refugiados-da-siria","status":"publish","type":"post","link":"https:\/\/www.brazilianpress.com\/v1\/2013\/09\/26\/brasil-podera-conceder-vistos-a-refugiados-da-siria\/","title":{"rendered":"Brasil poder\u00e1 conceder vistos a refugiados da S\u00edria"},"content":{"rendered":"<p><img loading=\"lazy\" class=\"alignnone size-full wp-image-3144\" alt=\"refugiados siria brasi\" src=\"http:\/\/www.brazilianpress.com\/v1\/wp-content\/uploads\/2013\/09\/refugiados-siria-brasi.jpg\" width=\"500\" height=\"333\" srcset=\"https:\/\/www.brazilianpress.com\/v1\/wp-content\/uploads\/2013\/09\/refugiados-siria-brasi.jpg 500w, https:\/\/www.brazilianpress.com\/v1\/wp-content\/uploads\/2013\/09\/refugiados-siria-brasi-300x199.jpg 300w\" sizes=\"(max-width: 500px) 100vw, 500px\" \/><\/p>\n<p>O Comit\u00ea Nacional para os Refugiados (Conare) publicou, no Di\u00e1rio Oficial da Uni\u00e3o da ter\u00e7a-feira, texto que disp\u00f5e sobre a concess\u00e3o de visto apropriado a refugiados da S\u00edria. A medida autoriza a concess\u00e3o de visto, por raz\u00f5es humanit\u00e1rias, aos indiv\u00edduos afetados pelo conflito armado na S\u00edria que manifestem vontade de buscar ref\u00fagio no Brasil.<!--more--><\/p>\n<p>Para efeitos da resolu\u00e7\u00e3o, s\u00e3o consideradas raz\u00f5es humanit\u00e1rias &#8220;aquelas resultantes do agravamento das condi\u00e7\u00f5es de vida da popula\u00e7\u00e3o em territ\u00f3rio s\u00edrio, ou nas regi\u00f5es de fronteira com este, como decorr\u00eancia do conflito armado na Rep\u00fablica \u00e0rabe S\u00edria&#8221;.<\/p>\n<p>O texto da medida esclarece ainda que o visto tem car\u00e1ter especial e ser\u00e1 concedido pelo Minist\u00e9rio das Rela\u00e7\u00f5es Exteriores. A resolu\u00e7\u00e3o vigorar\u00e1 pelo prazo de dois anos, podendo ser prorrogada.<\/p>\n","protected":false},"excerpt":{"rendered":"<p>O Comit\u00ea Nacional para os Refugiados (Conare) publicou, no Di\u00e1rio Oficial da Uni\u00e3o da ter\u00e7a-feira, texto que disp\u00f5e sobre a concess\u00e3o de visto apropriado a refugiados da S\u00edria. A medida autoriza a concess\u00e3o de visto, por raz\u00f5es humanit\u00e1rias, aos indiv\u00edduos afetados pelo conflito armado na S\u00edria que manifestem vontade de buscar ref\u00fagio no Brasil.<\/p>\n","protected":false},"author":1,"featured_media":3144,"comment_status":"open","ping_status":"open","sticky":false,"template":"","format":"standard","meta":{"_links_to":"","_links_to_target":""},"categories":[8,1],"tags":[],"views":2067,"_links":{"self":[{"href":"https:\/\/www.brazilianpress.com\/v1\/wp-json\/wp\/v2\/posts\/3143"}],"collection":[{"href":"https:\/\/www.brazilianpress.com\/v1\/wp-json\/wp\/v2\/posts"}],"about":[{"href":"https:\/\/www.brazilianpress.com\/v1\/wp-json\/wp\/v2\/types\/post"}],"author":[{"embeddable":true,"href":"https:\/\/www.brazilianpress.com\/v1\/wp-json\/wp\/v2\/users\/1"}],"replies":[{"embeddable":true,"href":"https:\/\/www.brazilianpress.com\/v1\/wp-json\/wp\/v2\/comments?post=3143"}],"version-history":[{"count":2,"href":"https:\/\/www.brazilianpress.com\/v1\/wp-json\/wp\/v2\/posts\/3143\/revisions"}],"predecessor-version":[{"id":3146,"href":"https:\/\/www.brazilianpress.com\/v1\/wp-json\/wp\/v2\/posts\/3143\/revisions\/3146"}],"wp:featuredmedia":[{"embeddable":true,"href":"https:\/\/www.brazilianpress.com\/v1\/wp-json\/wp\/v2\/media\/3144"}],"wp:attachment":[{"href":"https:\/\/www.brazilianpress.com\/v1\/wp-json\/wp\/v2\/media?parent=3143"}],"wp:term":[{"taxonomy":"category","embeddable":true,"href":"https:\/\/www.brazilianpress.com\/v1\/wp-json\/wp\/v2\/categories?post=3143"},{"taxonomy":"post_tag","embeddable":true,"href":"https:\/\/www.brazilianpress.com\/v1\/wp-json\/wp\/v2\/tags?post=3143"}],"curies":[{"name":"wp","href":"https:\/\/api.w.org\/{rel}","templated":true}]}}