{"id":3147,"date":"2013-09-26T16:09:35","date_gmt":"2013-09-26T20:09:35","guid":{"rendered":"http:\/\/www.brazilianpress.com\/v1\/?p=3147"},"modified":"2013-09-26T16:09:35","modified_gmt":"2013-09-26T20:09:35","slug":"menino-e-flagrado-com-crack-e-municoes-em-escola-de-sao-paulo","status":"publish","type":"post","link":"https:\/\/www.brazilianpress.com\/v1\/2013\/09\/26\/menino-e-flagrado-com-crack-e-municoes-em-escola-de-sao-paulo\/","title":{"rendered":"Menino \u00e9 flagrado com crack e muni\u00e7\u00f5es em escola de S\u00e3o Paulo"},"content":{"rendered":"<p><img loading=\"lazy\" class=\"alignright size-full wp-image-3148\" alt=\"escola sao paulo\" src=\"http:\/\/www.brazilianpress.com\/v1\/wp-content\/uploads\/2013\/09\/escola-sao-paulo.jpg\" width=\"300\" height=\"195\" \/>Um aluno de 11 anos, do sexto ano do ensino fundamental, foi detido com quatro muni\u00e7\u00f5es de arma e 100 gramas de crack dentro da sala de aula na escola municipal Professor Walter Thaumaturgo, em Taubat\u00e9.<\/p>\n<p>O flagrante ocorreu na ter\u00e7a-feira (25) quando o professor viu a crian\u00e7a exibindo as muni\u00e7\u00f5es e a droga para os colegas. O professor avisou a diretoria que chamou a pol\u00edcia. Segundo a dire\u00e7\u00e3o da escola, ap\u00f3s ser flagrado pelo professor, o menino chorou muito e n\u00e3o soube explicar onde conseguiu a muni\u00e7\u00e3o. Ele estuda no col\u00e9gio h\u00e1 tr\u00eas meses.<!--more--><\/p>\n<p>Al\u00e9m da Pol\u00edcia Militar, a diretoria da escola acionou o Conselho Tutelar e tamb\u00e9m entrou em contato com parentes da crian\u00e7a. Segundo o Conselho Tutelar, o menino disse que a droga e as muni\u00e7\u00f5es n\u00e3o eram dele, mas n\u00e3o quis revelar o nome do dono do material.<\/p>\n<p>&#8220;Ele disse que estava apenas guardando para uma outra pessoa que n\u00e3o quis dizer o nome\u201d, afirmou o conselheiro Douglas de Oliveira. A ocorr\u00eancia foi registrada na Pol\u00edcia Civil e as muni\u00e7\u00f5es e a droga foram apreendidas. A crian\u00e7a foi ouvida e liberada. O Conselho Tutelar informou que far\u00e1 o acompanhamento psicol\u00f3gico da crian\u00e7a e da fam\u00edlia dela.<\/p>\n","protected":false},"excerpt":{"rendered":"<p>Um aluno de 11 anos, do sexto ano do ensino fundamental, foi detido com quatro muni\u00e7\u00f5es de arma e 100 gramas de crack dentro da sala de aula na escola municipal Professor Walter Thaumaturgo, em Taubat\u00e9. O flagrante ocorreu na ter\u00e7a-feira (25) quando o professor viu a crian\u00e7a exibindo as muni\u00e7\u00f5es e a droga para os colegas. O professor avisou a diretoria que chamou a pol\u00edcia. Segundo a dire\u00e7\u00e3o da escola, ap\u00f3s ser flagrado pelo professor, o menino chorou muito e n\u00e3o soube explicar onde conseguiu a muni\u00e7\u00e3o. Ele estuda no col\u00e9gio h\u00e1 tr\u00eas meses.<\/p>\n","protected":false},"author":1,"featured_media":3148,"comment_status":"open","ping_status":"open","sticky":false,"template":"","format":"standard","meta":{"_links_to":"","_links_to_target":""},"categories":[7,1],"tags":[],"views":2356,"_links":{"self":[{"href":"https:\/\/www.brazilianpress.com\/v1\/wp-json\/wp\/v2\/posts\/3147"}],"collection":[{"href":"https:\/\/www.brazilianpress.com\/v1\/wp-json\/wp\/v2\/posts"}],"about":[{"href":"https:\/\/www.brazilianpress.com\/v1\/wp-json\/wp\/v2\/types\/post"}],"author":[{"embeddable":true,"href":"https:\/\/www.brazilianpress.com\/v1\/wp-json\/wp\/v2\/users\/1"}],"replies":[{"embeddable":true,"href":"https:\/\/www.brazilianpress.com\/v1\/wp-json\/wp\/v2\/comments?post=3147"}],"version-history":[{"count":1,"href":"https:\/\/www.brazilianpress.com\/v1\/wp-json\/wp\/v2\/posts\/3147\/revisions"}],"predecessor-version":[{"id":3149,"href":"https:\/\/www.brazilianpress.com\/v1\/wp-json\/wp\/v2\/posts\/3147\/revisions\/3149"}],"wp:featuredmedia":[{"embeddable":true,"href":"https:\/\/www.brazilianpress.com\/v1\/wp-json\/wp\/v2\/media\/3148"}],"wp:attachment":[{"href":"https:\/\/www.brazilianpress.com\/v1\/wp-json\/wp\/v2\/media?parent=3147"}],"wp:term":[{"taxonomy":"category","embeddable":true,"href":"https:\/\/www.brazilianpress.com\/v1\/wp-json\/wp\/v2\/categories?post=3147"},{"taxonomy":"post_tag","embeddable":true,"href":"https:\/\/www.brazilianpress.com\/v1\/wp-json\/wp\/v2\/tags?post=3147"}],"curies":[{"name":"wp","href":"https:\/\/api.w.org\/{rel}","templated":true}]}}