{"id":3153,"date":"2013-09-26T16:12:04","date_gmt":"2013-09-26T20:12:04","guid":{"rendered":"http:\/\/www.brazilianpress.com\/v1\/?p=3153"},"modified":"2013-09-26T16:12:04","modified_gmt":"2013-09-26T20:12:04","slug":"em-nova-york-dilma-diz-a-investidores-que-brasil-tem-demanda-por-infraestrutura","status":"publish","type":"post","link":"https:\/\/www.brazilianpress.com\/v1\/2013\/09\/26\/em-nova-york-dilma-diz-a-investidores-que-brasil-tem-demanda-por-infraestrutura\/","title":{"rendered":"Em Nova York, Dilma diz a investidores que Brasil tem demanda por infraestrutura"},"content":{"rendered":"<p><img loading=\"lazy\" class=\"alignnone size-full wp-image-3154\" alt=\"Opening of 67th General Debate of General Assembly\" src=\"http:\/\/www.brazilianpress.com\/v1\/wp-content\/uploads\/2013\/09\/dilma-onu.jpg\" width=\"500\" height=\"305\" srcset=\"https:\/\/www.brazilianpress.com\/v1\/wp-content\/uploads\/2013\/09\/dilma-onu.jpg 500w, https:\/\/www.brazilianpress.com\/v1\/wp-content\/uploads\/2013\/09\/dilma-onu-300x183.jpg 300w\" sizes=\"(max-width: 500px) 100vw, 500px\" \/><\/p>\n<p>Bras\u00edlia \u2013 A presidenta Dilma Rousseff destacou ontem (quarta-feira 25), em Nova York, que o Brasil tem uma demanda reprimida por infraestrutura por causa de baixos investimentos em d\u00e9cadas, o que torna o setor atrativo para empres\u00e1rios externos. No semin\u00e1rio Oportunidades em Infraestrutura no Brasil para investidores estrangeiros, a presidenta destacou que o consumo interno tem sido maior do que a oferta de servi\u00e7os, e por isso o governo tem feito concess\u00f5es de aeroportos, ferrovias e rodovias.<!--more--><\/p>\n<p>&#8220;Temos n\u00fameros para ilustrar as boas perspectivas. Em dez anos, o PIB [Produto Interno Bruto] cresceu 40% em termos reais, o investimento, 70%, e o com\u00e9rcio varejista, 120%&#8221;, disse Dilma. Ela refor\u00e7ou a expans\u00e3o da massa salarial em 65% no per\u00edodo e a baixa taxa de desemprego, abaixo dos 6%.<\/p>\n<p>Dilma disse \u00e0 plateia de empres\u00e1rios que o Brasil est\u00e1 construindo a malha ferrovi\u00e1ria, fundamental para o escoamento da produ\u00e7\u00e3o de min\u00e9rio e alimentos, com mais de um s\u00e9culo de atraso em rela\u00e7\u00e3o \u00e0s grandes pot\u00eancias. Com a crise econ\u00f4mica mundial e a diminui\u00e7\u00e3o do com\u00e9rcio internacional, os gargalos em infraestrutura ficaram mais claros, com perda de competitividade.<\/p>\n<p>&#8220;Nosso objetivo \u00e9 melhorar a economia brasileira estruturalmente, contribuindo para torn\u00e1-la mais competitiva e aumentar a produtividade&#8221;, disse Dilma, acrescentando que o governo federal vem tomando uma s\u00e9rie de medidas para enfrentar a crise e posicionar melhor o Brasil na economia mundial.<\/p>\n<p>A presidenta ressaltou que, apenas em 2007, foi iniciado o Programa de Acelera\u00e7\u00e3o do Crescimento (PAC) e o Minha Casa, Minha Vida, de habita\u00e7\u00e3o popular. \u201cAgora \u00e9 necess\u00e1rio perceber que nosso desafio \u00e9 novo, \u00e9 diferente. O Brasil tem muitos gargalos, e n\u00e3o se d\u00e1 s\u00f3 na infraestrutura\u201d.<\/p>\n<p>Dilma disse que a escassez de profissionais qualificados \u00e9 um dos fatores que contribuem para os gargalos. Para corrigir o problema, a presidenta citou os incentivos para a forma\u00e7\u00e3o de engenheiros e a cria\u00e7\u00e3o do Programa Nacional de Acesso ao Ensino T\u00e9cnico e Emprego (Pronatec). &#8220;Criamos o Pronatec para formar 8 milh\u00f5es de pessoas, mas tamb\u00e9m como sa\u00edda do Bolsa Fam\u00edlia&#8221;, disse, explicando que o programa de ensino t\u00e9cnico tamb\u00e9m possibilitar\u00e1 aos benefici\u00e1rios da assist\u00eancia do governo a conquistar a independ\u00eancia.<\/p>\n<p>Na \u00e1rea educacional, a presidenta ressaltou o compromisso em ampliar os investimentos em banda larga no pa\u00eds, importante para que a popula\u00e7\u00e3o tenha acesso \u00e0s informa\u00e7\u00f5es e conhecimentos que os habitantes de pa\u00edses desenvolvidos j\u00e1 disp\u00f5em. \u201cN\u00e3o queremos perder o barco como perdemos com a ferrovia. N\u00f3s n\u00e3o queremos perder o avi\u00e3o da hist\u00f3ria, ou talvez o foguete\u201d, disse Dilma, lembrando que o uso dos recursos provenientes dos <i>royalties<\/i> dar\u00e3o uma grande contribui\u00e7\u00e3o para o sistema de educa\u00e7\u00e3o.<\/p>\n","protected":false},"excerpt":{"rendered":"<p>Bras\u00edlia \u2013 A presidenta Dilma Rousseff destacou ontem (quarta-feira 25), em Nova York, que o Brasil tem uma demanda reprimida por infraestrutura por causa de baixos investimentos em d\u00e9cadas, o que torna o setor atrativo para empres\u00e1rios externos. No semin\u00e1rio Oportunidades em Infraestrutura no Brasil para investidores estrangeiros, a presidenta destacou que o consumo interno tem sido maior do que a oferta de servi\u00e7os, e por isso o governo tem feito concess\u00f5es de aeroportos, ferrovias e rodovias.<\/p>\n","protected":false},"author":1,"featured_media":3154,"comment_status":"open","ping_status":"open","sticky":false,"template":"","format":"standard","meta":{"_links_to":"","_links_to_target":""},"categories":[7,1],"tags":[],"views":2175,"_links":{"self":[{"href":"https:\/\/www.brazilianpress.com\/v1\/wp-json\/wp\/v2\/posts\/3153"}],"collection":[{"href":"https:\/\/www.brazilianpress.com\/v1\/wp-json\/wp\/v2\/posts"}],"about":[{"href":"https:\/\/www.brazilianpress.com\/v1\/wp-json\/wp\/v2\/types\/post"}],"author":[{"embeddable":true,"href":"https:\/\/www.brazilianpress.com\/v1\/wp-json\/wp\/v2\/users\/1"}],"replies":[{"embeddable":true,"href":"https:\/\/www.brazilianpress.com\/v1\/wp-json\/wp\/v2\/comments?post=3153"}],"version-history":[{"count":2,"href":"https:\/\/www.brazilianpress.com\/v1\/wp-json\/wp\/v2\/posts\/3153\/revisions"}],"predecessor-version":[{"id":3156,"href":"https:\/\/www.brazilianpress.com\/v1\/wp-json\/wp\/v2\/posts\/3153\/revisions\/3156"}],"wp:featuredmedia":[{"embeddable":true,"href":"https:\/\/www.brazilianpress.com\/v1\/wp-json\/wp\/v2\/media\/3154"}],"wp:attachment":[{"href":"https:\/\/www.brazilianpress.com\/v1\/wp-json\/wp\/v2\/media?parent=3153"}],"wp:term":[{"taxonomy":"category","embeddable":true,"href":"https:\/\/www.brazilianpress.com\/v1\/wp-json\/wp\/v2\/categories?post=3153"},{"taxonomy":"post_tag","embeddable":true,"href":"https:\/\/www.brazilianpress.com\/v1\/wp-json\/wp\/v2\/tags?post=3153"}],"curies":[{"name":"wp","href":"https:\/\/api.w.org\/{rel}","templated":true}]}}