{"id":322,"date":"2013-05-02T13:20:29","date_gmt":"2013-05-02T17:20:29","guid":{"rendered":"http:\/\/www.brazilianpress.com\/v1\/?p=322"},"modified":"2013-05-02T13:20:29","modified_gmt":"2013-05-02T17:20:29","slug":"autoridades-convocam-residentes-do-ironbound-no-combate-ao-crime","status":"publish","type":"post","link":"https:\/\/www.brazilianpress.com\/v1\/2013\/05\/02\/autoridades-convocam-residentes-do-ironbound-no-combate-ao-crime\/","title":{"rendered":"Autoridades convocam residentes do Ironbound no combate ao crime"},"content":{"rendered":"<p><strong><img loading=\"lazy\" class=\"alignright size-medium wp-image-323\" alt=\"policia newark\" src=\"http:\/\/www.brazilianpress.com\/v1\/wp-content\/uploads\/2013\/05\/policia-newark-300x199.jpg\" width=\"300\" height=\"199\" srcset=\"https:\/\/www.brazilianpress.com\/v1\/wp-content\/uploads\/2013\/05\/policia-newark-300x199.jpg 300w, https:\/\/www.brazilianpress.com\/v1\/wp-content\/uploads\/2013\/05\/policia-newark.jpg 640w\" sizes=\"(max-width: 300px) 100vw, 300px\" \/>Roger Costa<\/strong><\/p>\n<p>O Projeto Down Neck Crime Watch Association, organizado pelo Departamento de Pol\u00edcia de Newark pelo Vereador Augusto Amador, Detetive M.J. Silva e Coordenadora Regina Oliveira, \u00e9 uma iniciativa das autoridades no combate ao crime que continua em desenvolvimento na cidade e iniciar\u00e1 as atividades de controle de seguran\u00e7a em nosso bairro no pr\u00f3ximo dia 6 de maio.<\/p>\n<p><!--more-->As autoridades convocam os residentes a participarem deste projeto com o objetivo de manter as ruas, o com\u00e9rcio e os residentes em seguran\u00e7a, com rondas feitas diariamente, cinco dias por semana, nas vizinhan\u00e7as e em \u00e1reas de maior risco. O Departamento de Pol\u00edcia necessita da colabora\u00e7\u00e3o de residentes que queiram trabalhar voluntariamente, ingressando no programa realizado com a presen\u00e7a de um detetive, instruindo e acompanhando os volunt\u00e1rios, usando coletes, r\u00e1dios para facilitar a comunica\u00e7\u00e3o e lanternas.<\/p>\n<p>Ser\u00e3o formados cinco grupos de vigil\u00e2ncia a cada noite, assegurando a \u00e1rea por cerca de 1 hora em v\u00e1rios pontos do bairro, iniciando as atividades na segunda-feira, 6 de maio \u00e0s 7h00 da noite, com concentra\u00e7\u00e3o programada na esquina da New York Avenue e Lang Street. Para maiores informa\u00e7\u00f5es e registrar-se ligue (973)687-1443 e fale com o Detetive Silva ou atrav\u00e9s do e-mail downneckcrimewatch@yahoo.com.<\/p>\n","protected":false},"excerpt":{"rendered":"<p>Roger Costa O Projeto Down Neck Crime Watch Association, organizado pelo Departamento de Pol\u00edcia de Newark pelo Vereador Augusto Amador, Detetive M.J. Silva e Coordenadora Regina Oliveira, \u00e9 uma iniciativa das autoridades no combate ao crime que continua em desenvolvimento na cidade e iniciar\u00e1 as atividades de controle de seguran\u00e7a em nosso bairro no pr\u00f3ximo dia 6 de maio.<\/p>\n","protected":false},"author":1,"featured_media":323,"comment_status":"open","ping_status":"open","sticky":false,"template":"","format":"standard","meta":{"_links_to":"","_links_to_target":""},"categories":[4],"tags":[],"views":2571,"_links":{"self":[{"href":"https:\/\/www.brazilianpress.com\/v1\/wp-json\/wp\/v2\/posts\/322"}],"collection":[{"href":"https:\/\/www.brazilianpress.com\/v1\/wp-json\/wp\/v2\/posts"}],"about":[{"href":"https:\/\/www.brazilianpress.com\/v1\/wp-json\/wp\/v2\/types\/post"}],"author":[{"embeddable":true,"href":"https:\/\/www.brazilianpress.com\/v1\/wp-json\/wp\/v2\/users\/1"}],"replies":[{"embeddable":true,"href":"https:\/\/www.brazilianpress.com\/v1\/wp-json\/wp\/v2\/comments?post=322"}],"version-history":[{"count":1,"href":"https:\/\/www.brazilianpress.com\/v1\/wp-json\/wp\/v2\/posts\/322\/revisions"}],"predecessor-version":[{"id":324,"href":"https:\/\/www.brazilianpress.com\/v1\/wp-json\/wp\/v2\/posts\/322\/revisions\/324"}],"wp:featuredmedia":[{"embeddable":true,"href":"https:\/\/www.brazilianpress.com\/v1\/wp-json\/wp\/v2\/media\/323"}],"wp:attachment":[{"href":"https:\/\/www.brazilianpress.com\/v1\/wp-json\/wp\/v2\/media?parent=322"}],"wp:term":[{"taxonomy":"category","embeddable":true,"href":"https:\/\/www.brazilianpress.com\/v1\/wp-json\/wp\/v2\/categories?post=322"},{"taxonomy":"post_tag","embeddable":true,"href":"https:\/\/www.brazilianpress.com\/v1\/wp-json\/wp\/v2\/tags?post=322"}],"curies":[{"name":"wp","href":"https:\/\/api.w.org\/{rel}","templated":true}]}}