{"id":3240,"date":"2013-10-03T10:31:12","date_gmt":"2013-10-03T14:31:12","guid":{"rendered":"http:\/\/www.brazilianpress.com\/v1\/?p=3240"},"modified":"2013-10-03T10:31:12","modified_gmt":"2013-10-03T14:31:12","slug":"destaque-do-cruzeiro-ressalta-mudanca-de-postura-deixei-de-ser-explosivo","status":"publish","type":"post","link":"https:\/\/www.brazilianpress.com\/v1\/2013\/10\/03\/destaque-do-cruzeiro-ressalta-mudanca-de-postura-deixei-de-ser-explosivo\/","title":{"rendered":"Destaque do Cruzeiro ressalta mudan\u00e7a de postura: &#8220;deixei de ser explosivo&#8221;"},"content":{"rendered":"<p><img loading=\"lazy\" class=\"alignnone size-full wp-image-3241\" alt=\"nilton cruzeiro\" src=\"http:\/\/www.brazilianpress.com\/v1\/wp-content\/uploads\/2013\/10\/nilton-cruzeiro.jpg\" width=\"500\" height=\"300\" srcset=\"https:\/\/www.brazilianpress.com\/v1\/wp-content\/uploads\/2013\/10\/nilton-cruzeiro.jpg 500w, https:\/\/www.brazilianpress.com\/v1\/wp-content\/uploads\/2013\/10\/nilton-cruzeiro-300x180.jpg 300w\" sizes=\"(max-width: 500px) 100vw, 500px\" \/><\/p>\n<p>Ele joga como primeiro volante, mas j\u00e1 \u00e9 o artilheiro do Cruzeiro no Brasileir\u00e3o com sete gols, um deles marcado com muita categoria na vit\u00f3ria contra o Botafogo. Destaque do l\u00edder do campeonato ao lado de Everton Ribeiro, Nilton credita a &#8216;melhor fase da carreira&#8217; a sua mudan\u00e7a de comportamento e \u00e0 experi\u00eancia adquirida com 26 anos de vida.<\/p>\n<p>&#8220;Hoje tenho meu modo de analisar bem a partida, ver o que posso acrescentar. Antes era um Nilton meio explosivo, ia com muita for\u00e7a de vontade, chegava com excesso e isso \u00e0s vezes acabava me prejudicando. Hoje sou um cara que consegue conciliar for\u00e7a com t\u00e9cnica e n\u00e3o deixar de ser bem aguerrido, que vai brigar por todas as bolas. A experi\u00eancia foi fundamental nisso&#8221;, declarou Nilton.<!--more--><\/p>\n<p>Tamb\u00e9m em contato com a reportagem, o t\u00e9cnico do Cruzeiro, Marcelo Oliveira, disse que conheceu o futebol de Nilton durante a passagem de ambos pelo Vasco. O volante n\u00e3o chegou ao time celeste por sua indica\u00e7\u00e3o, mas o treinador fez diversos elogios ao seu bom momento, al\u00e9m de ressaltar onde pode haver melhora no desempenho.<\/p>\n<p>&#8220;O Nilton est\u00e1 evoluindo, crescendo, precisa prender menos a bola, \u00e9 uma coisa que eu cobro dele. Precisa definir o marcador, no\u00e7\u00e3o de marcar o advers\u00e1rio, definir quem est\u00e1 marcando, no\u00e7\u00e3o de espa\u00e7o, mas est\u00e1 crescendo e tem muito potencial. Quando atua mais como primeiro volante, ele vai muito bem&#8221;.<\/p>\n<p>Nilton foi revelado na base do Corinthians em 2005 e l\u00e1 ficou durante quatro anos, at\u00e9 ser transferido para o Vasco. Treinador do jogador na \u00e9poca, Z\u00e9 Augusto relembra a primeira chance que lhe deu quando o comandava no profissional (marcou gol de falta contra o Santos) e diz que n\u00e3o se surpreende com a sua boa fase no Cruzeiro.<\/p>\n<p>&#8220;Hoje vejo o Nilton encontrando espa\u00e7o para poder pensar em sele\u00e7\u00e3o. Tem chegado de tr\u00e1s, isso que os treinadores pedem. O Nilton tem um poder de marca\u00e7\u00e3o incr\u00edvel. Para mim essa boa fase n\u00e3o \u00e9 novidade&#8221;.<\/p>\n<p>Nilton est\u00e1 animado com a boa fase no Cruzeiro e n\u00e3o nega que pensa em sele\u00e7\u00e3o. Mesmo sem nunca ter sido convocado, ele acredita que est\u00e1 na briga por uma vaga de primeiro volante e at\u00e9 cita os &#8216;rivais&#8217; na disputa.<\/p>\n<p>&#8220;Claro que tem o Luiz Gustavo que est\u00e1 muito bem. O pr\u00f3prio Fernando. O Felip\u00e3o est\u00e1 alternando, mesclando, mas sei que nesta posi\u00e7\u00e3o eu teria condi\u00e7\u00f5es de estar brigando por uma vaga, por ter bom passe, chute e cabeceio. Hoje para mim est\u00e1 sendo o melhor momento da minha carreira&#8221;.<\/p>\n","protected":false},"excerpt":{"rendered":"<p>Ele joga como primeiro volante, mas j\u00e1 \u00e9 o artilheiro do Cruzeiro no Brasileir\u00e3o com sete gols, um deles marcado com muita categoria na vit\u00f3ria contra o Botafogo. Destaque do l\u00edder do campeonato ao lado de Everton Ribeiro, Nilton credita a &#8216;melhor fase da carreira&#8217; a sua mudan\u00e7a de comportamento e \u00e0 experi\u00eancia adquirida com 26 anos de vida. &#8220;Hoje tenho meu modo de analisar bem a partida, ver o que posso acrescentar. Antes era um Nilton meio explosivo, ia com muita for\u00e7a de vontade, chegava com excesso e isso \u00e0s vezes acabava me prejudicando. Hoje sou um cara que [&hellip;]<\/p>\n","protected":false},"author":1,"featured_media":3241,"comment_status":"open","ping_status":"open","sticky":false,"template":"","format":"standard","meta":{"_links_to":"","_links_to_target":""},"categories":[9,1],"tags":[],"views":2290,"_links":{"self":[{"href":"https:\/\/www.brazilianpress.com\/v1\/wp-json\/wp\/v2\/posts\/3240"}],"collection":[{"href":"https:\/\/www.brazilianpress.com\/v1\/wp-json\/wp\/v2\/posts"}],"about":[{"href":"https:\/\/www.brazilianpress.com\/v1\/wp-json\/wp\/v2\/types\/post"}],"author":[{"embeddable":true,"href":"https:\/\/www.brazilianpress.com\/v1\/wp-json\/wp\/v2\/users\/1"}],"replies":[{"embeddable":true,"href":"https:\/\/www.brazilianpress.com\/v1\/wp-json\/wp\/v2\/comments?post=3240"}],"version-history":[{"count":1,"href":"https:\/\/www.brazilianpress.com\/v1\/wp-json\/wp\/v2\/posts\/3240\/revisions"}],"predecessor-version":[{"id":3242,"href":"https:\/\/www.brazilianpress.com\/v1\/wp-json\/wp\/v2\/posts\/3240\/revisions\/3242"}],"wp:featuredmedia":[{"embeddable":true,"href":"https:\/\/www.brazilianpress.com\/v1\/wp-json\/wp\/v2\/media\/3241"}],"wp:attachment":[{"href":"https:\/\/www.brazilianpress.com\/v1\/wp-json\/wp\/v2\/media?parent=3240"}],"wp:term":[{"taxonomy":"category","embeddable":true,"href":"https:\/\/www.brazilianpress.com\/v1\/wp-json\/wp\/v2\/categories?post=3240"},{"taxonomy":"post_tag","embeddable":true,"href":"https:\/\/www.brazilianpress.com\/v1\/wp-json\/wp\/v2\/tags?post=3240"}],"curies":[{"name":"wp","href":"https:\/\/api.w.org\/{rel}","templated":true}]}}