{"id":3243,"date":"2013-10-03T10:37:35","date_gmt":"2013-10-03T14:37:35","guid":{"rendered":"http:\/\/www.brazilianpress.com\/v1\/?p=3243"},"modified":"2013-10-03T11:05:59","modified_gmt":"2013-10-03T15:05:59","slug":"richarlyson-passara-por-cirurgia-e-pode-nao-atuar-mais-pelo-atletico-mg","status":"publish","type":"post","link":"https:\/\/www.brazilianpress.com\/v1\/2013\/10\/03\/richarlyson-passara-por-cirurgia-e-pode-nao-atuar-mais-pelo-atletico-mg\/","title":{"rendered":"Richarlyson passar\u00e1 por cirurgia e pode n\u00e3o atuar mais pelo Atl\u00e9tico-MG"},"content":{"rendered":"<p><img loading=\"lazy\" class=\"alignnone size-full wp-image-3244\" alt=\"ronaldinho gaucho richarlyson\" src=\"http:\/\/www.brazilianpress.com\/v1\/wp-content\/uploads\/2013\/10\/ronaldinho-gaucho-richarlyson.jpg\" width=\"500\" height=\"300\" srcset=\"https:\/\/www.brazilianpress.com\/v1\/wp-content\/uploads\/2013\/10\/ronaldinho-gaucho-richarlyson.jpg 500w, https:\/\/www.brazilianpress.com\/v1\/wp-content\/uploads\/2013\/10\/ronaldinho-gaucho-richarlyson-300x180.jpg 300w\" sizes=\"(max-width: 500px) 100vw, 500px\" \/><\/p>\n<p>O m\u00e9dico do Atl\u00e9tico-MG, Rodrigo Lasmar, considerou a les\u00e3o sofrida por Richarlyson, que sofreu ruptura do ligamento do joelho esquerdo, como fatalidade, mas confirmou que o atleta ter\u00e1 de ser submetido a cirurgia na pr\u00f3xima semana e ficar\u00e1 mesmo fora do Mundial de Clubes.<\/p>\n<p>&#8220;Richarlyson foi fatalidade, poderia ter acontecido em qualquer \u00e9poca do ano. Ele se chocou com jogador advers\u00e1rio, a perna ficou presa, teve estalo. \u00c9 les\u00e3o grave, s\u00e9ria, pelo tempo de afastamento, mas comum no futebol&#8221;, disse Rodrigo Lasmar.<!--more--><\/p>\n<p>O jogador se machucou no treino de segunda-feira, na Cidade do Galo e deixou o gramado carregado. O atleta precisar\u00e1 de seis meses de recupera\u00e7\u00e3o e poder\u00e1 n\u00e3o jogar mais pelo Atl\u00e9tico, j\u00e1 que o seu contrato com o clube se encerra no final do ano e n\u00e3o existe defini\u00e7\u00e3o quanto \u00e0 renova\u00e7\u00e3o.<\/p>\n<p>&#8220;Richarlyson teve entorse no joelho esquerdo, vai passar por cirurgia, isso vai ser feito dentro de alguns dias, n\u00e3o temos data definida, n\u00e3o joga mais este ano, est\u00e1 fora do Mundial, deve se recuperar em seis meses. Depende da resposta que ele vai dar&#8221;, observou Rodrigo Lasmar.<\/p>\n<p><strong>R\u00e9ver e D\u00e1tolo sem previs\u00e3o de retorno<\/strong><\/p>\n<p>Os novos problemas do t\u00e9cnico Cuca para o jogo de hoje (quinta-feira 03), contra a Ponte Preta, em partida adiada pela oitava rodada do Campeonato Brasileiro, o zagueiro R\u00e9ver, que sofreu edema \u00f3sseo no p\u00e9 direito, e o meia-atacante D\u00e1tolo, com les\u00e3o na panturrilha esquerda, iniciaram tratamento na ter\u00e7a-feira, mas sem uma previs\u00e3o de volta aos gramados.<\/p>\n<p>&#8220;Jogo contra o Santos, D\u00e1tolo e R\u00e9ver sa\u00edram se queixando de problemas, R\u00e9ver teve traumatismo no p\u00e9 direito, se queixou de dores, os exames n\u00e3o apontaram fratura, continuamos com resson\u00e2ncia e apontou que o R\u00e9ver teve edema \u00f3sseo no p\u00e9 direito. No D\u00e1tolo mostrou estiramento na panturrilha, j\u00e1 come\u00e7ou tratamento e agora \u00e9 aguardar a sua recupera\u00e7\u00e3o&#8221;, comentou Rodrigo Lasmar.<\/p>\n","protected":false},"excerpt":{"rendered":"<p>O m\u00e9dico do Atl\u00e9tico-MG, Rodrigo Lasmar, considerou a les\u00e3o sofrida por Richarlyson, que sofreu ruptura do ligamento do joelho esquerdo, como fatalidade, mas confirmou que o atleta ter\u00e1 de ser submetido a cirurgia na pr\u00f3xima semana e ficar\u00e1 mesmo fora do Mundial de Clubes. &#8220;Richarlyson foi fatalidade, poderia ter acontecido em qualquer \u00e9poca do ano. Ele se chocou com jogador advers\u00e1rio, a perna ficou presa, teve estalo. \u00c9 les\u00e3o grave, s\u00e9ria, pelo tempo de afastamento, mas comum no futebol&#8221;, disse Rodrigo Lasmar.<\/p>\n","protected":false},"author":1,"featured_media":3244,"comment_status":"open","ping_status":"open","sticky":false,"template":"","format":"standard","meta":{"_links_to":"","_links_to_target":""},"categories":[9,1],"tags":[],"views":2274,"_links":{"self":[{"href":"https:\/\/www.brazilianpress.com\/v1\/wp-json\/wp\/v2\/posts\/3243"}],"collection":[{"href":"https:\/\/www.brazilianpress.com\/v1\/wp-json\/wp\/v2\/posts"}],"about":[{"href":"https:\/\/www.brazilianpress.com\/v1\/wp-json\/wp\/v2\/types\/post"}],"author":[{"embeddable":true,"href":"https:\/\/www.brazilianpress.com\/v1\/wp-json\/wp\/v2\/users\/1"}],"replies":[{"embeddable":true,"href":"https:\/\/www.brazilianpress.com\/v1\/wp-json\/wp\/v2\/comments?post=3243"}],"version-history":[{"count":2,"href":"https:\/\/www.brazilianpress.com\/v1\/wp-json\/wp\/v2\/posts\/3243\/revisions"}],"predecessor-version":[{"id":3271,"href":"https:\/\/www.brazilianpress.com\/v1\/wp-json\/wp\/v2\/posts\/3243\/revisions\/3271"}],"wp:featuredmedia":[{"embeddable":true,"href":"https:\/\/www.brazilianpress.com\/v1\/wp-json\/wp\/v2\/media\/3244"}],"wp:attachment":[{"href":"https:\/\/www.brazilianpress.com\/v1\/wp-json\/wp\/v2\/media?parent=3243"}],"wp:term":[{"taxonomy":"category","embeddable":true,"href":"https:\/\/www.brazilianpress.com\/v1\/wp-json\/wp\/v2\/categories?post=3243"},{"taxonomy":"post_tag","embeddable":true,"href":"https:\/\/www.brazilianpress.com\/v1\/wp-json\/wp\/v2\/tags?post=3243"}],"curies":[{"name":"wp","href":"https:\/\/api.w.org\/{rel}","templated":true}]}}