{"id":325,"date":"2013-05-02T13:27:14","date_gmt":"2013-05-02T17:27:14","guid":{"rendered":"http:\/\/www.brazilianpress.com\/v1\/?p=325"},"modified":"2013-05-02T13:27:14","modified_gmt":"2013-05-02T17:27:14","slug":"cobertura-do-lancamento-do-programa-online-new-york-spy","status":"publish","type":"post","link":"https:\/\/www.brazilianpress.com\/v1\/2013\/05\/02\/cobertura-do-lancamento-do-programa-online-new-york-spy\/","title":{"rendered":"Cobertura do Lan\u00e7amento do Programa online New York Spy"},"content":{"rendered":"<p><strong><img loading=\"lazy\" class=\"alignright size-medium wp-image-332\" alt=\"new york spy lan\u00e7amento (7)\" src=\"http:\/\/www.brazilianpress.com\/v1\/wp-content\/uploads\/2013\/05\/new-york-spy-lan\u00e7amento-7-300x200.jpg\" width=\"300\" height=\"200\" srcset=\"https:\/\/www.brazilianpress.com\/v1\/wp-content\/uploads\/2013\/05\/new-york-spy-lan\u00e7amento-7-300x200.jpg 300w, https:\/\/www.brazilianpress.com\/v1\/wp-content\/uploads\/2013\/05\/new-york-spy-lan\u00e7amento-7.jpg 450w\" sizes=\"(max-width: 300px) 100vw, 300px\" \/>Junior Schutt<\/strong><\/p>\n<p>O estilista brasileiro Geov\u00e1 Rodrigues, radicado em New York h\u00e1 22 anos, abriu o jardim de sua resid\u00eancia em Manhattan, na noite de sexta-feira passada, num ambiente requintado e sob a luz da lua cheia, para receber amigos, jornalistas, modelos e empres\u00e1rios, e apresentar o Programa online New York Spy. O programa \u00e9 uma revista eletr\u00f4nica de variedades, com entrevistas e reportagens que abordam o estilo de vida dos brasileiros que optaram por residir na Grande Ma\u00e7\u00e3 e est\u00e3o encontrando o sucesso com suas escolhas profissionais.<\/p>\n<p><!--more-->A produ\u00e7\u00e3o \u00e9 de Fernando Andrade, que tamb\u00e9m produz o Programa Manhattan Connection da Rede Globo Internacional, a Fotografia a cargo de Tiago Chediak, Peter Azen respons\u00e1vel pela c\u00e2mera, \u00e1udio e edi\u00e7\u00e3o e o brilhante Geov\u00e1, na cria\u00e7\u00e3o art\u00edstica e apresentador das entrevistas e reportagens. Acesse <a href=\"http:\/\/www.newyorkspy.com\" target=\"_blank\">www.newyorkspy.com<\/a> e para cobertura de fotos exclusivas da Festa de Lan\u00e7amento visite nosso site <a href=\"http:\/\/www.brazilianpress.com\" target=\"_blank\">www.brazilianpress.com<\/a>.<\/p>\n\n\t\t<style type=\"text\/css\">\n\t\t\t#gallery-1 {\n\t\t\t\tmargin: auto;\n\t\t\t}\n\t\t\t#gallery-1 .gallery-item {\n\t\t\t\tfloat: left;\n\t\t\t\tmargin-top: 10px;\n\t\t\t\ttext-align: center;\n\t\t\t\twidth: 33%;\n\t\t\t}\n\t\t\t#gallery-1 img {\n\t\t\t\tborder: 2px solid #cfcfcf;\n\t\t\t}\n\t\t\t#gallery-1 .gallery-caption {\n\t\t\t\tmargin-left: 0;\n\t\t\t}\n\t\t\t\/* see gallery_shortcode() in wp-includes\/media.php *\/\n\t\t<\/style>\n\t\t<div id='gallery-1' class='gallery galleryid-325 gallery-columns-3 gallery-size-thumbnail'><dl class='gallery-item'>\n\t\t\t<dt class='gallery-icon landscape'>\n\t\t\t\t<a href=\"https:\/\/www.brazilianpress.com\/v1\/wp-content\/uploads\/2013\/05\/new-york-spy-lan\u00e7amento-1.jpg\" class=\"gallery_colorbox\"><img width=\"150\" height=\"150\" src=\"https:\/\/www.brazilianpress.com\/v1\/wp-content\/uploads\/2013\/05\/new-york-spy-lan\u00e7amento-1-150x150.jpg\"  class=\"attachment-thumbnail size-thumbnail\" alt=\"\" loading=\"lazy\" \/><\/a>\n\t\t\t<\/dt><\/dl><dl class='gallery-item'>\n\t\t\t<dt class='gallery-icon landscape'>\n\t\t\t\t<a href=\"https:\/\/www.brazilianpress.com\/v1\/wp-content\/uploads\/2013\/05\/new-york-spy-lan\u00e7amento-2.jpg\" class=\"gallery_colorbox\"><img width=\"150\" height=\"150\" src=\"https:\/\/www.brazilianpress.com\/v1\/wp-content\/uploads\/2013\/05\/new-york-spy-lan\u00e7amento-2-150x150.jpg\"  class=\"attachment-thumbnail size-thumbnail\" alt=\"\" loading=\"lazy\" \/><\/a>\n\t\t\t<\/dt><\/dl><dl class='gallery-item'>\n\t\t\t<dt class='gallery-icon portrait'>\n\t\t\t\t<a href=\"https:\/\/www.brazilianpress.com\/v1\/wp-content\/uploads\/2013\/05\/new-york-spy-lan\u00e7amento-3.jpg\" class=\"gallery_colorbox\"><img width=\"150\" height=\"150\" src=\"https:\/\/www.brazilianpress.com\/v1\/wp-content\/uploads\/2013\/05\/new-york-spy-lan\u00e7amento-3-150x150.jpg\"  class=\"attachment-thumbnail size-thumbnail\" alt=\"\" loading=\"lazy\" \/><\/a>\n\t\t\t<\/dt><\/dl><br style=\"clear: both\" \/><dl class='gallery-item'>\n\t\t\t<dt class='gallery-icon landscape'>\n\t\t\t\t<a href=\"https:\/\/www.brazilianpress.com\/v1\/wp-content\/uploads\/2013\/05\/new-york-spy-lan\u00e7amento-4.jpg\" class=\"gallery_colorbox\"><img width=\"150\" height=\"150\" src=\"https:\/\/www.brazilianpress.com\/v1\/wp-content\/uploads\/2013\/05\/new-york-spy-lan\u00e7amento-4-150x150.jpg\"  class=\"attachment-thumbnail size-thumbnail\" alt=\"\" loading=\"lazy\" \/><\/a>\n\t\t\t<\/dt><\/dl><dl class='gallery-item'>\n\t\t\t<dt class='gallery-icon landscape'>\n\t\t\t\t<a href=\"https:\/\/www.brazilianpress.com\/v1\/wp-content\/uploads\/2013\/05\/new-york-spy-lan\u00e7amento-5.jpg\" class=\"gallery_colorbox\"><img width=\"150\" height=\"150\" src=\"https:\/\/www.brazilianpress.com\/v1\/wp-content\/uploads\/2013\/05\/new-york-spy-lan\u00e7amento-5-150x150.jpg\"  class=\"attachment-thumbnail size-thumbnail\" alt=\"\" loading=\"lazy\" \/><\/a>\n\t\t\t<\/dt><\/dl><dl class='gallery-item'>\n\t\t\t<dt class='gallery-icon portrait'>\n\t\t\t\t<a href=\"https:\/\/www.brazilianpress.com\/v1\/wp-content\/uploads\/2013\/05\/new-york-spy-lan\u00e7amento-6.jpg\" class=\"gallery_colorbox\"><img width=\"150\" height=\"150\" src=\"https:\/\/www.brazilianpress.com\/v1\/wp-content\/uploads\/2013\/05\/new-york-spy-lan\u00e7amento-6-150x150.jpg\"  class=\"attachment-thumbnail size-thumbnail\" alt=\"\" loading=\"lazy\" \/><\/a>\n\t\t\t<\/dt><\/dl><br style=\"clear: both\" \/><dl class='gallery-item'>\n\t\t\t<dt class='gallery-icon landscape'>\n\t\t\t\t<a href=\"https:\/\/www.brazilianpress.com\/v1\/wp-content\/uploads\/2013\/05\/new-york-spy-lan\u00e7amento-7.jpg\" class=\"gallery_colorbox\"><img width=\"150\" height=\"150\" src=\"https:\/\/www.brazilianpress.com\/v1\/wp-content\/uploads\/2013\/05\/new-york-spy-lan\u00e7amento-7-150x150.jpg\"  class=\"attachment-thumbnail size-thumbnail\" alt=\"\" loading=\"lazy\" \/><\/a>\n\t\t\t<\/dt><\/dl><dl class='gallery-item'>\n\t\t\t<dt class='gallery-icon landscape'>\n\t\t\t\t<a href=\"https:\/\/www.brazilianpress.com\/v1\/wp-content\/uploads\/2013\/05\/new-york-spy-lan\u00e7amento-8.jpg\" class=\"gallery_colorbox\"><img width=\"150\" height=\"150\" src=\"https:\/\/www.brazilianpress.com\/v1\/wp-content\/uploads\/2013\/05\/new-york-spy-lan\u00e7amento-8-150x150.jpg\"  class=\"attachment-thumbnail size-thumbnail\" alt=\"\" loading=\"lazy\" \/><\/a>\n\t\t\t<\/dt><\/dl>\n\t\t\t<br style='clear: both' \/>\n\t\t<\/div>\n\n","protected":false},"excerpt":{"rendered":"<p>Junior Schutt O estilista brasileiro Geov\u00e1 Rodrigues, radicado em New York h\u00e1 22 anos, abriu o jardim de sua resid\u00eancia em Manhattan, na noite de sexta-feira passada, num ambiente requintado e sob a luz da lua cheia, para receber amigos, jornalistas, modelos e empres\u00e1rios, e apresentar o Programa online New York Spy. O programa \u00e9 uma revista eletr\u00f4nica de variedades, com entrevistas e reportagens que abordam o estilo de vida dos brasileiros que optaram por residir na Grande Ma\u00e7\u00e3 e est\u00e3o encontrando o sucesso com suas escolhas profissionais.<\/p>\n","protected":false},"author":1,"featured_media":330,"comment_status":"open","ping_status":"open","sticky":false,"template":"","format":"standard","meta":{"_links_to":"","_links_to_target":""},"categories":[4,19,1],"tags":[],"views":3769,"_links":{"self":[{"href":"https:\/\/www.brazilianpress.com\/v1\/wp-json\/wp\/v2\/posts\/325"}],"collection":[{"href":"https:\/\/www.brazilianpress.com\/v1\/wp-json\/wp\/v2\/posts"}],"about":[{"href":"https:\/\/www.brazilianpress.com\/v1\/wp-json\/wp\/v2\/types\/post"}],"author":[{"embeddable":true,"href":"https:\/\/www.brazilianpress.com\/v1\/wp-json\/wp\/v2\/users\/1"}],"replies":[{"embeddable":true,"href":"https:\/\/www.brazilianpress.com\/v1\/wp-json\/wp\/v2\/comments?post=325"}],"version-history":[{"count":2,"href":"https:\/\/www.brazilianpress.com\/v1\/wp-json\/wp\/v2\/posts\/325\/revisions"}],"predecessor-version":[{"id":335,"href":"https:\/\/www.brazilianpress.com\/v1\/wp-json\/wp\/v2\/posts\/325\/revisions\/335"}],"wp:featuredmedia":[{"embeddable":true,"href":"https:\/\/www.brazilianpress.com\/v1\/wp-json\/wp\/v2\/media\/330"}],"wp:attachment":[{"href":"https:\/\/www.brazilianpress.com\/v1\/wp-json\/wp\/v2\/media?parent=325"}],"wp:term":[{"taxonomy":"category","embeddable":true,"href":"https:\/\/www.brazilianpress.com\/v1\/wp-json\/wp\/v2\/categories?post=325"},{"taxonomy":"post_tag","embeddable":true,"href":"https:\/\/www.brazilianpress.com\/v1\/wp-json\/wp\/v2\/tags?post=325"}],"curies":[{"name":"wp","href":"https:\/\/api.w.org\/{rel}","templated":true}]}}