{"id":3250,"date":"2013-10-03T10:44:27","date_gmt":"2013-10-03T14:44:27","guid":{"rendered":"http:\/\/www.brazilianpress.com\/v1\/?p=3250"},"modified":"2013-10-03T10:44:27","modified_gmt":"2013-10-03T14:44:27","slug":"papa-diz-que-a-cupula-do-clero-como-a-lepra-do-papado","status":"publish","type":"post","link":"https:\/\/www.brazilianpress.com\/v1\/2013\/10\/03\/papa-diz-que-a-cupula-do-clero-como-a-lepra-do-papado\/","title":{"rendered":"Papa diz que a c\u00fapula do clero como &#8220;a lepra do papado&#8221;"},"content":{"rendered":"<p><img loading=\"lazy\" class=\"alignnone size-full wp-image-3251\" alt=\"papa\" src=\"http:\/\/www.brazilianpress.com\/v1\/wp-content\/uploads\/2013\/10\/papa.jpg\" width=\"500\" height=\"332\" srcset=\"https:\/\/www.brazilianpress.com\/v1\/wp-content\/uploads\/2013\/10\/papa.jpg 500w, https:\/\/www.brazilianpress.com\/v1\/wp-content\/uploads\/2013\/10\/papa-300x199.jpg 300w\" sizes=\"(max-width: 500px) 100vw, 500px\" \/><\/p>\n<p>O papa Francisco come\u00e7a a ir bem al\u00e9m do discurso. Em um tom contundente, ele criticou os integrantes da C\u00faria Romana e definiu a c\u00fapula do clero como &#8220;a lepra do papado&#8221;, em entrevista ao jornal italiano &#8220;La Repubblica&#8221;.<\/p>\n<p>Tamb\u00e9m na ter\u00e7a-feira, ele se reuniu pela primeira vez com os oito conselheiros cardeais visando uma reforma da Igreja, que ele deseja mais engajada socialmente, que dialogue com os n\u00e3o-crentes e livre da corrup\u00e7\u00e3o. Seu objetivo \u00e9 modificar radicalmente a C\u00faria. Pode ser a maior mudan\u00e7a j\u00e1 ocorrida na estrutura da Igreja Cat\u00f3lica em 25 anos.<!--more--><\/p>\n<p>\u2014 \u00c9 o in\u00edcio de uma Igreja concebida como uma organiza\u00e7\u00e3o n\u00e3o somente vertical, mas tamb\u00e9m horizontal \u2014 explicou Francisco ao La Repubblica.<\/p>\n<p>Na mesma ocasi\u00e3o, ele lamentou uma &#8220;vis\u00e3o muito vaticano-centrada que ignora o mundo ao seu redor&#8221;, anunciando que far\u00e1 o poss\u00edvel para mudar isso.<\/p>\n<p>Foi em sua biblioteca particular que Jorge Mario Bergoglio deu in\u00edcio a reuni\u00e3o de tr\u00eas dias com os oito cardeais. Conselheiros, que &#8220;n\u00e3o s\u00e3o cortes\u00f5es, mas s\u00e1bios&#8221;. Sinal de que a colegialidade est\u00e1 na ordem do dia, os oito prelados devem analisar 80 documentos que resumem v\u00e1rias propostas.<\/p>\n<p>Outro sinal de abertura, entre tantos: pela primeira vez em sua hist\u00f3ria, o Instituto para as Obras de Religi\u00e3o (IOR), o &#8220;banco do Papa&#8221;, publicou, igualmente na ter\u00e7a-feira, suas contas para 2012, em seu novo site. Trata-se de uma transpar\u00eancia sem precedentes. De acordo com o jornal Corriere della Sera, o banco decidiu fechar cerca de 900 contas, incluindo as de tr\u00eas embaixadas (Ir\u00e3, Indon\u00e9sia e Iraque), em raz\u00e3o de &#8220;suspeitas de lavagem de dinheiro e financiamento terrorista&#8221;.<\/p>\n<p>Procurado pela ag\u00eancia de not\u00edcias France Presse (AFP), um porta-voz do IOR n\u00e3o confirmou, mas tamb\u00e9m n\u00e3o negou esse n\u00famero. Indicou que o fechamento de contas n\u00e3o est\u00e1 ligado, necessariamente, a uma suspeita de atividade il\u00edcita.<\/p>\n<p>A pr\u00f3pria entrevista em que o Papa fez essas declara\u00e7\u00f5es \u00e9 tida, por si s\u00f3, como revolucion\u00e1ria. Francisco recebeu recebeu na semana passada, na resid\u00eancia Santa Marta, o fundador ateu do jornal de orienta\u00e7\u00e3o esquerdista, Eugenio Scalfari, com quem j\u00e1 havia dialogado em colunas interpostas no La Repubblica, em setembro. Na entrevista, o Papa e o jornalista discutiram a f\u00e9 e a descren\u00e7a, os valores \u00e9ticos, do clericalismo e do esp\u00edrito, o marxismo, com espantosa liberdade de tom.<\/p>\n<p>O Conc\u00edlio Vaticano II (1962-1965), lembrou o Papa, &#8220;decidiu olhar para o futuro com um esp\u00edrito moderno. Os padres conciliares sabiam que a abertura \u00e0 cultura moderna significava o ecumenismo religioso e o di\u00e1logo com os n\u00e3o crentes&#8221;.<\/p>\n<p>\u2014 Desde ent\u00e3o, pouco foi feito nesse sentido. Eu tenho a humildade e ambi\u00e7\u00e3o de querer fazer \u2014 disse.<\/p>\n<p>Jorge Bergoglio ainda citou o cardeal jesu\u00edta italiano Carlo Maria Martini, \u00e0 frente dos reformistas e falecido em 2012, que havia acusado a Igreja de &#8220;ter 200 anos de atraso&#8221;. Outras passagens marcantes dessa entrevista s\u00e3o a cr\u00edtica virulenta aos &#8220;cortes\u00f5es da Igreja&#8221;, e a den\u00fancia do &#8220;liberalismo social&#8221;.<\/p>\n<p>\u2014 Os maiores males que afligem o mundo s\u00e3o o desemprego dos jovens e a solid\u00e3o em que os idosos s\u00e3o deixados \u2014 disse Francisco, incorporando quest\u00f5es sociais que s\u00e3o queridas para ele.<\/p>\n<p>O &#8220;liberalismo selvagem&#8221; resulta em &#8220;tornar o forte mais forte, os fracos mais fracos e os exclu\u00eddos mais exclu\u00eddos&#8221;, denunciou.<\/p>\n<p>Ainda que nunca tenha sido convencido pelo marxismo, ele afirmou ter encontrado alguns &#8220;aspectos&#8221; marxistas na doutrina social da Igreja. O pont\u00edfice ainda pediu \u00e0 Igreja que se comprometa mais com o mundo moderno e afirmou que &#8220;os chefes da Igreja geralmente t\u00eam sido narcisistas, amantes da adula\u00e7\u00e3o e excitados de forma negativa por seus cortes\u00f5es&#8221;.<\/p>\n","protected":false},"excerpt":{"rendered":"<p>O papa Francisco come\u00e7a a ir bem al\u00e9m do discurso. Em um tom contundente, ele criticou os integrantes da C\u00faria Romana e definiu a c\u00fapula do clero como &#8220;a lepra do papado&#8221;, em entrevista ao jornal italiano &#8220;La Repubblica&#8221;. Tamb\u00e9m na ter\u00e7a-feira, ele se reuniu pela primeira vez com os oito conselheiros cardeais visando uma reforma da Igreja, que ele deseja mais engajada socialmente, que dialogue com os n\u00e3o-crentes e livre da corrup\u00e7\u00e3o. Seu objetivo \u00e9 modificar radicalmente a C\u00faria. Pode ser a maior mudan\u00e7a j\u00e1 ocorrida na estrutura da Igreja Cat\u00f3lica em 25 anos.<\/p>\n","protected":false},"author":1,"featured_media":3251,"comment_status":"open","ping_status":"open","sticky":false,"template":"","format":"standard","meta":{"_links_to":"","_links_to_target":""},"categories":[8,1],"tags":[],"views":2868,"_links":{"self":[{"href":"https:\/\/www.brazilianpress.com\/v1\/wp-json\/wp\/v2\/posts\/3250"}],"collection":[{"href":"https:\/\/www.brazilianpress.com\/v1\/wp-json\/wp\/v2\/posts"}],"about":[{"href":"https:\/\/www.brazilianpress.com\/v1\/wp-json\/wp\/v2\/types\/post"}],"author":[{"embeddable":true,"href":"https:\/\/www.brazilianpress.com\/v1\/wp-json\/wp\/v2\/users\/1"}],"replies":[{"embeddable":true,"href":"https:\/\/www.brazilianpress.com\/v1\/wp-json\/wp\/v2\/comments?post=3250"}],"version-history":[{"count":1,"href":"https:\/\/www.brazilianpress.com\/v1\/wp-json\/wp\/v2\/posts\/3250\/revisions"}],"predecessor-version":[{"id":3252,"href":"https:\/\/www.brazilianpress.com\/v1\/wp-json\/wp\/v2\/posts\/3250\/revisions\/3252"}],"wp:featuredmedia":[{"embeddable":true,"href":"https:\/\/www.brazilianpress.com\/v1\/wp-json\/wp\/v2\/media\/3251"}],"wp:attachment":[{"href":"https:\/\/www.brazilianpress.com\/v1\/wp-json\/wp\/v2\/media?parent=3250"}],"wp:term":[{"taxonomy":"category","embeddable":true,"href":"https:\/\/www.brazilianpress.com\/v1\/wp-json\/wp\/v2\/categories?post=3250"},{"taxonomy":"post_tag","embeddable":true,"href":"https:\/\/www.brazilianpress.com\/v1\/wp-json\/wp\/v2\/tags?post=3250"}],"curies":[{"name":"wp","href":"https:\/\/api.w.org\/{rel}","templated":true}]}}