{"id":3253,"date":"2013-10-03T10:46:01","date_gmt":"2013-10-03T14:46:01","guid":{"rendered":"http:\/\/www.brazilianpress.com\/v1\/?p=3253"},"modified":"2013-10-03T12:29:25","modified_gmt":"2013-10-03T16:29:25","slug":"ativista-gaucha-e-indiciada-por-pirataria-na-russia","status":"publish","type":"post","link":"https:\/\/www.brazilianpress.com\/v1\/2013\/10\/03\/ativista-gaucha-e-indiciada-por-pirataria-na-russia\/","title":{"rendered":"Ativista ga\u00facha \u00e9 indiciada por pirataria na R\u00fassia"},"content":{"rendered":"<p><img loading=\"lazy\" class=\"alignnone size-full wp-image-3254\" alt=\"ativista gaucha russia\" src=\"http:\/\/www.brazilianpress.com\/v1\/wp-content\/uploads\/2013\/10\/ativista-gaucha-russia.jpg\" width=\"500\" height=\"332\" srcset=\"https:\/\/www.brazilianpress.com\/v1\/wp-content\/uploads\/2013\/10\/ativista-gaucha-russia.jpg 500w, https:\/\/www.brazilianpress.com\/v1\/wp-content\/uploads\/2013\/10\/ativista-gaucha-russia-300x199.jpg 300w\" sizes=\"(max-width: 500px) 100vw, 500px\" \/><\/p>\n<p>Pelo menos cinco ativistas do Greenpeace de nacionalidades brit\u00e2nica, americana, russa e finlandesa, al\u00e9m da brasileira Ana Paula Maciel, foram indiciados nesta quarta-feira na R\u00fassia por pirataria em grupo organizado, um crime que pode ser punido com pena de entre 10 e 15 anos de pris\u00e3o, informou a organiza\u00e7\u00e3o ecol\u00f3gica. Ao<\/p>\n<p>&#8220;O cinegrafista do Reino Unido e uma ativista do Brasil foram indiciados&#8221;, afirma o Greenpeace em um comunicado. &#8220;Os indiciamentos por pirataria n\u00e3o t\u00eam fundamento e n\u00e3o s\u00e3o apoiados por nenhuma prova&#8221;, declarou Irina Isakova, advogada do Greenpeace, citada na nota.<\/p>\n","protected":false},"excerpt":{"rendered":"<p>Pelo menos cinco ativistas do Greenpeace de nacionalidades brit\u00e2nica, americana, russa e finlandesa, al\u00e9m da brasileira Ana Paula Maciel, foram indiciados nesta quarta-feira na R\u00fassia por pirataria em grupo organizado, um crime que pode ser punido com pena de entre 10 e 15 anos de pris\u00e3o, informou a organiza\u00e7\u00e3o ecol\u00f3gica. Ao &#8220;O cinegrafista do Reino Unido e uma ativista do Brasil foram indiciados&#8221;, afirma o Greenpeace em um comunicado. &#8220;Os indiciamentos por pirataria n\u00e3o t\u00eam fundamento e n\u00e3o s\u00e3o apoiados por nenhuma prova&#8221;, declarou Irina Isakova, advogada do Greenpeace, citada na nota.<\/p>\n","protected":false},"author":1,"featured_media":3254,"comment_status":"open","ping_status":"open","sticky":false,"template":"","format":"standard","meta":{"_links_to":"","_links_to_target":""},"categories":[8,1],"tags":[],"views":2464,"_links":{"self":[{"href":"https:\/\/www.brazilianpress.com\/v1\/wp-json\/wp\/v2\/posts\/3253"}],"collection":[{"href":"https:\/\/www.brazilianpress.com\/v1\/wp-json\/wp\/v2\/posts"}],"about":[{"href":"https:\/\/www.brazilianpress.com\/v1\/wp-json\/wp\/v2\/types\/post"}],"author":[{"embeddable":true,"href":"https:\/\/www.brazilianpress.com\/v1\/wp-json\/wp\/v2\/users\/1"}],"replies":[{"embeddable":true,"href":"https:\/\/www.brazilianpress.com\/v1\/wp-json\/wp\/v2\/comments?post=3253"}],"version-history":[{"count":2,"href":"https:\/\/www.brazilianpress.com\/v1\/wp-json\/wp\/v2\/posts\/3253\/revisions"}],"predecessor-version":[{"id":3315,"href":"https:\/\/www.brazilianpress.com\/v1\/wp-json\/wp\/v2\/posts\/3253\/revisions\/3315"}],"wp:featuredmedia":[{"embeddable":true,"href":"https:\/\/www.brazilianpress.com\/v1\/wp-json\/wp\/v2\/media\/3254"}],"wp:attachment":[{"href":"https:\/\/www.brazilianpress.com\/v1\/wp-json\/wp\/v2\/media?parent=3253"}],"wp:term":[{"taxonomy":"category","embeddable":true,"href":"https:\/\/www.brazilianpress.com\/v1\/wp-json\/wp\/v2\/categories?post=3253"},{"taxonomy":"post_tag","embeddable":true,"href":"https:\/\/www.brazilianpress.com\/v1\/wp-json\/wp\/v2\/tags?post=3253"}],"curies":[{"name":"wp","href":"https:\/\/api.w.org\/{rel}","templated":true}]}}