{"id":3258,"date":"2013-10-03T10:56:13","date_gmt":"2013-10-03T14:56:13","guid":{"rendered":"http:\/\/www.brazilianpress.com\/v1\/?p=3258"},"modified":"2013-10-03T10:56:13","modified_gmt":"2013-10-03T14:56:13","slug":"tarifas-de-onibus-interestaduais-terao-quase-7-de-reajuste","status":"publish","type":"post","link":"https:\/\/www.brazilianpress.com\/v1\/2013\/10\/03\/tarifas-de-onibus-interestaduais-terao-quase-7-de-reajuste\/","title":{"rendered":"Tarifas de \u00f4nibus interestaduais ter\u00e3o quase 7% de reajuste"},"content":{"rendered":"<p><img loading=\"lazy\" class=\"alignnone size-full wp-image-3259\" alt=\"rodoviaria\" src=\"http:\/\/www.brazilianpress.com\/v1\/wp-content\/uploads\/2013\/10\/rodoviaria.jpg\" width=\"500\" height=\"333\" srcset=\"https:\/\/www.brazilianpress.com\/v1\/wp-content\/uploads\/2013\/10\/rodoviaria.jpg 500w, https:\/\/www.brazilianpress.com\/v1\/wp-content\/uploads\/2013\/10\/rodoviaria-300x199.jpg 300w\" sizes=\"(max-width: 500px) 100vw, 500px\" \/><\/p>\n<p>As tarifas de \u00f4nibus interestaduais e internacionais com percurso superior a 75 quil\u00f4metros \u2013 as chamadas linhas de longa dist\u00e2ncia \u2013 ser\u00e3o reajustadas em 6,9% a partir de amanh\u00e3 (3). A autoriza\u00e7\u00e3o da Ag\u00eancia Nacional de Transportes Terrestres (ANTT) foi publicada na edi\u00e7\u00e3o de ontem (quarta-feira 2), do Di\u00e1rio Oficial da Uni\u00e3o.<\/p>\n<p>Pela resolu\u00e7\u00e3o, o reajuste n\u00e3o se aplica ao transporte rodovi\u00e1rio interestadual e internacional com percurso inferior a 75 quil\u00f4metros \u2013 os chamados transportes rodovi\u00e1rios semiurbanos. Para essa categoria, o reajuste &#8220;ser\u00e1 determinado em ato espec\u00edfico&#8221;. A autoriza\u00e7\u00e3o para o aumento ocorreu em raz\u00e3o da necessidade de se manter o equil\u00edbrio econ\u00f4mico-financeiro das empresas respons\u00e1veis pelo transporte rodovi\u00e1rio interestadual e internacional de passageiros.<!--more--><\/p>\n<p>Em nota publicada na internet, a ANTT explica que o coeficiente tarif\u00e1rio \u00e9 calculado com base no \u00edndice de reajuste do \u00f3leo diesel, do \u00cdndice Nacional de Pre\u00e7os ao Consumidor (INPC) e do \u00cdndice de Pre\u00e7os ao Consumidor Amplo (IPCA) e ressalta que sobre o valor incidem impostos e tarifas de ped\u00e1gio cobradas em rodovias em regime de concess\u00e3o.<\/p>\n","protected":false},"excerpt":{"rendered":"<p>As tarifas de \u00f4nibus interestaduais e internacionais com percurso superior a 75 quil\u00f4metros \u2013 as chamadas linhas de longa dist\u00e2ncia \u2013 ser\u00e3o reajustadas em 6,9% a partir de amanh\u00e3 (3). A autoriza\u00e7\u00e3o da Ag\u00eancia Nacional de Transportes Terrestres (ANTT) foi publicada na edi\u00e7\u00e3o de ontem (quarta-feira 2), do Di\u00e1rio Oficial da Uni\u00e3o. Pela resolu\u00e7\u00e3o, o reajuste n\u00e3o se aplica ao transporte rodovi\u00e1rio interestadual e internacional com percurso inferior a 75 quil\u00f4metros \u2013 os chamados transportes rodovi\u00e1rios semiurbanos. Para essa categoria, o reajuste &#8220;ser\u00e1 determinado em ato espec\u00edfico&#8221;. A autoriza\u00e7\u00e3o para o aumento ocorreu em raz\u00e3o da necessidade de se manter [&hellip;]<\/p>\n","protected":false},"author":1,"featured_media":3259,"comment_status":"open","ping_status":"open","sticky":false,"template":"","format":"standard","meta":{"_links_to":"","_links_to_target":""},"categories":[7,1],"tags":[],"views":2027,"_links":{"self":[{"href":"https:\/\/www.brazilianpress.com\/v1\/wp-json\/wp\/v2\/posts\/3258"}],"collection":[{"href":"https:\/\/www.brazilianpress.com\/v1\/wp-json\/wp\/v2\/posts"}],"about":[{"href":"https:\/\/www.brazilianpress.com\/v1\/wp-json\/wp\/v2\/types\/post"}],"author":[{"embeddable":true,"href":"https:\/\/www.brazilianpress.com\/v1\/wp-json\/wp\/v2\/users\/1"}],"replies":[{"embeddable":true,"href":"https:\/\/www.brazilianpress.com\/v1\/wp-json\/wp\/v2\/comments?post=3258"}],"version-history":[{"count":1,"href":"https:\/\/www.brazilianpress.com\/v1\/wp-json\/wp\/v2\/posts\/3258\/revisions"}],"predecessor-version":[{"id":3260,"href":"https:\/\/www.brazilianpress.com\/v1\/wp-json\/wp\/v2\/posts\/3258\/revisions\/3260"}],"wp:featuredmedia":[{"embeddable":true,"href":"https:\/\/www.brazilianpress.com\/v1\/wp-json\/wp\/v2\/media\/3259"}],"wp:attachment":[{"href":"https:\/\/www.brazilianpress.com\/v1\/wp-json\/wp\/v2\/media?parent=3258"}],"wp:term":[{"taxonomy":"category","embeddable":true,"href":"https:\/\/www.brazilianpress.com\/v1\/wp-json\/wp\/v2\/categories?post=3258"},{"taxonomy":"post_tag","embeddable":true,"href":"https:\/\/www.brazilianpress.com\/v1\/wp-json\/wp\/v2\/tags?post=3258"}],"curies":[{"name":"wp","href":"https:\/\/api.w.org\/{rel}","templated":true}]}}