{"id":3261,"date":"2013-10-03T10:57:37","date_gmt":"2013-10-03T14:57:37","guid":{"rendered":"http:\/\/www.brazilianpress.com\/v1\/?p=3261"},"modified":"2013-10-03T10:57:37","modified_gmt":"2013-10-03T14:57:37","slug":"brasil-pode-enfrentar-aumento-de-ate-7c-na-temperatura","status":"publish","type":"post","link":"https:\/\/www.brazilianpress.com\/v1\/2013\/10\/03\/brasil-pode-enfrentar-aumento-de-ate-7c-na-temperatura\/","title":{"rendered":"Brasil pode enfrentar aumento de at\u00e9 7\u00b0C na temperatura"},"content":{"rendered":"<p><img loading=\"lazy\" class=\"alignnone size-full wp-image-3262\" alt=\"brasil amazonia\" src=\"http:\/\/www.brazilianpress.com\/v1\/wp-content\/uploads\/2013\/10\/brasil-amazonia.jpg\" width=\"500\" height=\"313\" srcset=\"https:\/\/www.brazilianpress.com\/v1\/wp-content\/uploads\/2013\/10\/brasil-amazonia.jpg 500w, https:\/\/www.brazilianpress.com\/v1\/wp-content\/uploads\/2013\/10\/brasil-amazonia-300x187.jpg 300w\" sizes=\"(max-width: 500px) 100vw, 500px\" \/><\/p>\n<p>Os modelos clim\u00e1ticos que avaliam a temperatura para todo o globo apontam para uma eleva\u00e7\u00e3o muito prov\u00e1vel (probabilidade de mais de 90%) da temperatura em toda a Am\u00e9rica do Sul, com os valores mais altos para o sul da Amaz\u00f4nia.<\/p>\n<p>A primeira parte do novo relat\u00f3rio do Painel Intergovernamental sobre Mudan\u00e7a Clim\u00e1tica (IPCC, na sigla em ingl\u00eas), divulgado nesta sexta-feira, 27, n\u00e3o traz proje\u00e7\u00f5es espec\u00edficas por pa\u00edses &#8211; esses detalhes dever\u00e3o aparecer na segunda parte, que ser\u00e1 divulgada em abril do ano que vem.<!--more--><\/p>\n<p>Segundo os dados preliminares, a proje\u00e7\u00e3o para o Brasil \u00e9 de um aumento da temperatura m\u00e9dia de 0,5\u00b0C (centro-sul) a 1,5\u00b0C (Norte, Nordeste e Centro-Oeste) no Pa\u00eds at\u00e9 o final do s\u00e9culo no cen\u00e1rio mais otimista de emiss\u00f5es de gases de efeito estufa; e de 3\u00b0C (sul e litoral do Nordeste) a 7\u00b0C (Amaz\u00f4nia) no pior cen\u00e1rio.<\/p>\n<p>Tamb\u00e9m \u00e9 prov\u00e1vel (probabilidade de mais de 66%) que ondas de calor se tornem mais frequentes na Amaz\u00f4nia e no Nordeste. O IPCC afirma ainda que \u00e9 muito prov\u00e1vel que o n\u00edvel de precipita\u00e7\u00e3o vai subir na bacia do Prata e cair no Nordeste e na por\u00e7\u00e3o oriental da Amaz\u00f4nia.<\/p>\n<p>A tend\u00eancia \u00e9 a mesma apontada h\u00e1 pouco mais de duas semanas no 1\u00ba relat\u00f3rio nacional de avalia\u00e7\u00e3o dos impactos das mudan\u00e7as clim\u00e1ticas no Brasil. O trabalho focado na nossa realidade foi compilado pelo Painel Brasileiro de Mudan\u00e7as Clim\u00e1ticas, a vers\u00e3o nacional do IPCC.<\/p>\n<p>&#8220;Os dois estudos v\u00e3o na mesma linha. Talvez n\u00e3o nos mesmos n\u00fameros porque os modelos clim\u00e1ticos usados diferem um pouco, mas a tend\u00eancia \u00e9 a mesma&#8221;, comenta o pesquisador Jos\u00e9 Marengo, do Instituto Nacional de Pesquisas Espaciais (Inpe), membro tanto do IPCC quanto do PBMC.<\/p>\n<p>Ele lembra que h\u00e1 dois anos o Nordeste do Pa\u00eds tem vivenciado uma de suas piores secas da hist\u00f3ria, evento que, se levado em conta dentro de uma sequ\u00eancia de outros semelhantes, pode ser interpretado como um sinal de mudan\u00e7as clim\u00e1ticas.<\/p>\n<p>&#8220;S\u00f3 espero que os pol\u00edticos considerem seriamente o que diz o relat\u00f3rio. Porque ele n\u00e3o \u00e9 s\u00f3 um relat\u00f3rio, mas o estado da arte do que a ci\u00eancia conhece sobre o problema. Ainda n\u00e3o \u00e9 uma cat\u00e1strofe, mas se nada for feito, as coisas podem piorar&#8221;, diz. &#8220;A pior coisa que os pol\u00edticos podem fazer \u00e9 ignorar a ci\u00eancia e ficar esperando que trag\u00e9dias aconte\u00e7am.&#8221;<\/p>\n","protected":false},"excerpt":{"rendered":"<p>Os modelos clim\u00e1ticos que avaliam a temperatura para todo o globo apontam para uma eleva\u00e7\u00e3o muito prov\u00e1vel (probabilidade de mais de 90%) da temperatura em toda a Am\u00e9rica do Sul, com os valores mais altos para o sul da Amaz\u00f4nia. A primeira parte do novo relat\u00f3rio do Painel Intergovernamental sobre Mudan\u00e7a Clim\u00e1tica (IPCC, na sigla em ingl\u00eas), divulgado nesta sexta-feira, 27, n\u00e3o traz proje\u00e7\u00f5es espec\u00edficas por pa\u00edses &#8211; esses detalhes dever\u00e3o aparecer na segunda parte, que ser\u00e1 divulgada em abril do ano que vem.<\/p>\n","protected":false},"author":1,"featured_media":3262,"comment_status":"open","ping_status":"open","sticky":false,"template":"","format":"standard","meta":{"_links_to":"","_links_to_target":""},"categories":[7,1],"tags":[],"views":4246,"_links":{"self":[{"href":"https:\/\/www.brazilianpress.com\/v1\/wp-json\/wp\/v2\/posts\/3261"}],"collection":[{"href":"https:\/\/www.brazilianpress.com\/v1\/wp-json\/wp\/v2\/posts"}],"about":[{"href":"https:\/\/www.brazilianpress.com\/v1\/wp-json\/wp\/v2\/types\/post"}],"author":[{"embeddable":true,"href":"https:\/\/www.brazilianpress.com\/v1\/wp-json\/wp\/v2\/users\/1"}],"replies":[{"embeddable":true,"href":"https:\/\/www.brazilianpress.com\/v1\/wp-json\/wp\/v2\/comments?post=3261"}],"version-history":[{"count":1,"href":"https:\/\/www.brazilianpress.com\/v1\/wp-json\/wp\/v2\/posts\/3261\/revisions"}],"predecessor-version":[{"id":3263,"href":"https:\/\/www.brazilianpress.com\/v1\/wp-json\/wp\/v2\/posts\/3261\/revisions\/3263"}],"wp:featuredmedia":[{"embeddable":true,"href":"https:\/\/www.brazilianpress.com\/v1\/wp-json\/wp\/v2\/media\/3262"}],"wp:attachment":[{"href":"https:\/\/www.brazilianpress.com\/v1\/wp-json\/wp\/v2\/media?parent=3261"}],"wp:term":[{"taxonomy":"category","embeddable":true,"href":"https:\/\/www.brazilianpress.com\/v1\/wp-json\/wp\/v2\/categories?post=3261"},{"taxonomy":"post_tag","embeddable":true,"href":"https:\/\/www.brazilianpress.com\/v1\/wp-json\/wp\/v2\/tags?post=3261"}],"curies":[{"name":"wp","href":"https:\/\/api.w.org\/{rel}","templated":true}]}}