{"id":3264,"date":"2013-10-03T11:05:03","date_gmt":"2013-10-03T15:05:03","guid":{"rendered":"http:\/\/www.brazilianpress.com\/v1\/?p=3264"},"modified":"2013-10-03T11:55:48","modified_gmt":"2013-10-03T15:55:48","slug":"numero-de-brasileiros-que-passam-fome-cai-40-em-20-anos-revela-pesquisa-da-onu","status":"publish","type":"post","link":"https:\/\/www.brazilianpress.com\/v1\/2013\/10\/03\/numero-de-brasileiros-que-passam-fome-cai-40-em-20-anos-revela-pesquisa-da-onu\/","title":{"rendered":"N\u00famero de brasileiros que passam fome cai 40% em 20 anos, revela pesquisa da ONU"},"content":{"rendered":"<p><img loading=\"lazy\" class=\"alignnone size-full wp-image-3267\" alt=\"brasil fome 2\" src=\"http:\/\/www.brazilianpress.com\/v1\/wp-content\/uploads\/2013\/10\/brasil-fome-2.jpg\" width=\"500\" height=\"374\" srcset=\"https:\/\/www.brazilianpress.com\/v1\/wp-content\/uploads\/2013\/10\/brasil-fome-2.jpg 500w, https:\/\/www.brazilianpress.com\/v1\/wp-content\/uploads\/2013\/10\/brasil-fome-2-300x224.jpg 300w\" sizes=\"(max-width: 500px) 100vw, 500px\" \/><\/p>\n<p>O Brasil reduziu em 40% o n\u00famero de pessoas passam fome no Pa\u00eds entre 1992 e 2013 informou a Organiza\u00e7\u00e3o das Na\u00e7\u00f5es Unidas para Alimenta\u00e7\u00e3o e Agricultura (FAO) em seu \u00faltimo relat\u00f3rio sobre a seguran\u00e7a alimentar no mundo divulgado nesta ter\u00e7a-feira (01). Nesse per\u00edodo, o n\u00famero de brasileiros que passam fome foi reduzido de 22,8 milh\u00f5es para 13,6 milh\u00f5es de pessoas.<\/p>\n<p>Os dados tamb\u00e9m mostram que o n\u00famero de subnutridos em propor\u00e7\u00e3o ao total da popula\u00e7\u00e3o brasileira caiu 54,3%, de 15% em 1992 para 6,9% em 2013. A redu\u00e7\u00e3o ficou acima da m\u00e9dia da Am\u00e9rica Latina, onde a queda na propor\u00e7\u00e3o foi de 48,5%.<!--more--><\/p>\n<p>De acordo com a FAO, cont\u00ednuas taxas de crescimento econ\u00f4mico nos pa\u00edses em desenvolvimento e o consequente incremento nos n\u00edveis de renda t\u00eam melhorado o acesso \u00e0 comida. Outras raz\u00f5es atribu\u00eddas foram uma acelera\u00e7\u00e3o no ritmo de crescimento da produtividade na agricultura e o crescente investimento p\u00fablico e privado no setor, o que garante uma maior oferta de alimentos.<\/p>\n<p><b>Mundo<\/b><\/p>\n<p>De acordo com o relat\u00f3rio, uma em cada oito pessoas sofre de fome cr\u00f4nica no mundo. A ONU estima em 842 milh\u00f5es o n\u00famero de pessoas subnutridas no per\u00edodo entre 2011 e 2013, menos 26 milh\u00f5es do que no per\u00edodo anterior (2010-2012).\u00a0A grande maioria das pessoas que sofrem de fome cr\u00f4nica, ou seja, que n\u00e3o t\u00eam alimentos suficientes para uma vida saud\u00e1vel e ativa, est\u00e1 nos pa\u00edses em desenvolvimento, mas h\u00e1 15,7 milh\u00f5es que vivem em pa\u00edses desenvolvidos.<\/p>\n<p>No relat\u00f3rio, as ag\u00eancias da ONU alertam que s\u00e3o necess\u00e1rios mais esfor\u00e7os para se alcan\u00e7ar os Objetivos de Desenvolvimento do Mil\u00eanio. Segundo o objetivo n\u00famero 1, que visa a erradicar a pobreza extrema e a fome, o mundo comprometeu-se a reduzir para a metade, entre 1990 e 2015, a propor\u00e7\u00e3o de pessoas que sofre de fome.<\/p>\n<p>O n\u00famero total de pessoas com fome cr\u00f4nica caiu 17% desde 1990\u20131992. Se a taxa anual de decl\u00ednio se mantiver at\u00e9 2015, a preval\u00eancia da subnutri\u00e7\u00e3o poder\u00e1 ficar perto daqueles objetivos definidos pela ONU em 2000, mas alcan\u00e7\u00e1-los &#8220;vai requer esfor\u00e7os adicionais consider\u00e1veis e imediatos&#8221;, dizem ainda os autores do documento.<\/p>\n<p>Na introdu\u00e7\u00e3o do relat\u00f3rio, os l\u00edderes das ag\u00eancias, Jos\u00e9 Graziano da Silva (FAO), Kanayo F. Nwanze (Ifad) e Ertharin Cousin (PAM) deixam o apelo: &#8220;Com um empurr\u00e3o final nos pr\u00f3ximos dois anos, ainda podemos alcan\u00e7\u00e1-lo&#8221;.<\/p>\n<p>Apesar dos progressos, o relat\u00f3rio alerta que h\u00e1 diferen\u00e7as marcadas na redu\u00e7\u00e3o da fome. A \u00c1frica Subsaariana fez progressos modestos e continua a ser a regi\u00e3o com a maior preval\u00eancia de subnutri\u00e7\u00e3o, com uma em quatro pessoas (24,8%) passando fome. A \u00c1sia Ocidental n\u00e3o registou progressos, enquanto o Sul da \u00c1sia e o Norte de \u00c1frica revelam progressos lentos. O Leste e o Sudeste Asi\u00e1tico e a Am\u00e9rica Latina foram as regi\u00f5es com maiores progressos. No Sudeste Asi\u00e1tico, regi\u00e3o com os melhores resultados, o n\u00famero de pessoas com fome diminuiu de 31,1% para 10,7% desde 1990.<\/p>\n","protected":false},"excerpt":{"rendered":"<p>O Brasil reduziu em 40% o n\u00famero de pessoas passam fome no Pa\u00eds entre 1992 e 2013 informou a Organiza\u00e7\u00e3o das Na\u00e7\u00f5es Unidas para Alimenta\u00e7\u00e3o e Agricultura (FAO) em seu \u00faltimo relat\u00f3rio sobre a seguran\u00e7a alimentar no mundo divulgado nesta ter\u00e7a-feira (01). Nesse per\u00edodo, o n\u00famero de brasileiros que passam fome foi reduzido de 22,8 milh\u00f5es para 13,6 milh\u00f5es de pessoas. Os dados tamb\u00e9m mostram que o n\u00famero de subnutridos em propor\u00e7\u00e3o ao total da popula\u00e7\u00e3o brasileira caiu 54,3%, de 15% em 1992 para 6,9% em 2013. A redu\u00e7\u00e3o ficou acima da m\u00e9dia da Am\u00e9rica Latina, onde a queda na [&hellip;]<\/p>\n","protected":false},"author":1,"featured_media":3267,"comment_status":"open","ping_status":"open","sticky":false,"template":"","format":"standard","meta":{"_links_to":"","_links_to_target":""},"categories":[7,1],"tags":[],"views":2554,"_links":{"self":[{"href":"https:\/\/www.brazilianpress.com\/v1\/wp-json\/wp\/v2\/posts\/3264"}],"collection":[{"href":"https:\/\/www.brazilianpress.com\/v1\/wp-json\/wp\/v2\/posts"}],"about":[{"href":"https:\/\/www.brazilianpress.com\/v1\/wp-json\/wp\/v2\/types\/post"}],"author":[{"embeddable":true,"href":"https:\/\/www.brazilianpress.com\/v1\/wp-json\/wp\/v2\/users\/1"}],"replies":[{"embeddable":true,"href":"https:\/\/www.brazilianpress.com\/v1\/wp-json\/wp\/v2\/comments?post=3264"}],"version-history":[{"count":2,"href":"https:\/\/www.brazilianpress.com\/v1\/wp-json\/wp\/v2\/posts\/3264\/revisions"}],"predecessor-version":[{"id":3275,"href":"https:\/\/www.brazilianpress.com\/v1\/wp-json\/wp\/v2\/posts\/3264\/revisions\/3275"}],"wp:featuredmedia":[{"embeddable":true,"href":"https:\/\/www.brazilianpress.com\/v1\/wp-json\/wp\/v2\/media\/3267"}],"wp:attachment":[{"href":"https:\/\/www.brazilianpress.com\/v1\/wp-json\/wp\/v2\/media?parent=3264"}],"wp:term":[{"taxonomy":"category","embeddable":true,"href":"https:\/\/www.brazilianpress.com\/v1\/wp-json\/wp\/v2\/categories?post=3264"},{"taxonomy":"post_tag","embeddable":true,"href":"https:\/\/www.brazilianpress.com\/v1\/wp-json\/wp\/v2\/tags?post=3264"}],"curies":[{"name":"wp","href":"https:\/\/api.w.org\/{rel}","templated":true}]}}