{"id":3299,"date":"2013-10-03T12:28:32","date_gmt":"2013-10-03T16:28:32","guid":{"rendered":"http:\/\/www.brazilianpress.com\/v1\/?p=3299"},"modified":"2013-10-10T15:03:15","modified_gmt":"2013-10-10T19:03:15","slug":"flashes-da-primeira-semana-do-51st-new-york-film-festival","status":"publish","type":"post","link":"https:\/\/www.brazilianpress.com\/v1\/2013\/10\/03\/flashes-da-primeira-semana-do-51st-new-york-film-festival\/","title":{"rendered":"Flashes da primeira semana do 51st New York Film Festival"},"content":{"rendered":"<div>\n<p><b><img loading=\"lazy\" class=\"alignright size-medium wp-image-3305\" alt=\"ny film festival 2013 (5)\" src=\"http:\/\/www.brazilianpress.com\/v1\/wp-content\/uploads\/2013\/10\/ny-film-festival-2013-5-300x200.jpg\" width=\"300\" height=\"200\" srcset=\"https:\/\/www.brazilianpress.com\/v1\/wp-content\/uploads\/2013\/10\/ny-film-festival-2013-5-300x200.jpg 300w, https:\/\/www.brazilianpress.com\/v1\/wp-content\/uploads\/2013\/10\/ny-film-festival-2013-5.jpg 450w\" sizes=\"(max-width: 300px) 100vw, 300px\" \/>Junior Schutt-<\/b> O maior e mais respeitado festival de cinema da Am\u00e9rica, o New York Film Festival, iniciou sua 51\u00ba edi\u00e7\u00e3o na \u00faltima sexta-feira, com a presen\u00e7a de diretores consagrados, celebridades internacionais e de Hollywood para celebrarem o melhor da ind\u00fastria no grandioso evento, considerado palco para as novas vozes e tend\u00eancias cinematogr\u00e1ficas e tamb\u00e9m pr\u00e9via dos nomes mais cotados para a temporada de premia\u00e7\u00f5es, inclusive o Oscar. O Brazilian Press esteve presente e clicou toda a festividade. Aguarde cobertura exclusiva em nosso website. O Festival prossegue at\u00e9 13 de outubro nas instala\u00e7\u00f5es do Lincoln Center em Manhattan. Confira!<!--more--><\/p>\n<\/div>\n<p><strong><em><img loading=\"lazy\" class=\"alignnone size-full wp-image-3301\" alt=\"ny film festival 2013 (1)\" src=\"http:\/\/www.brazilianpress.com\/v1\/wp-content\/uploads\/2013\/10\/ny-film-festival-2013-1.jpg\" width=\"450\" height=\"300\" srcset=\"https:\/\/www.brazilianpress.com\/v1\/wp-content\/uploads\/2013\/10\/ny-film-festival-2013-1.jpg 450w, https:\/\/www.brazilianpress.com\/v1\/wp-content\/uploads\/2013\/10\/ny-film-festival-2013-1-300x200.jpg 300w\" sizes=\"(max-width: 450px) 100vw, 450px\" \/><br \/>\nOs atores Oscar Isaac e John Goodman<\/em><\/strong><\/p>\n<p><strong><em><img loading=\"lazy\" class=\"alignnone size-full wp-image-3306\" alt=\"ny film festival 2013 (6)\" src=\"http:\/\/www.brazilianpress.com\/v1\/wp-content\/uploads\/2013\/10\/ny-film-festival-2013-6.jpg\" width=\"450\" height=\"300\" srcset=\"https:\/\/www.brazilianpress.com\/v1\/wp-content\/uploads\/2013\/10\/ny-film-festival-2013-6.jpg 450w, https:\/\/www.brazilianpress.com\/v1\/wp-content\/uploads\/2013\/10\/ny-film-festival-2013-6-300x200.jpg 300w\" sizes=\"(max-width: 450px) 100vw, 450px\" \/><br \/>\nTom Hanks na estr\u00e9ia de \u201cCaptain Phillips\u201d<\/em><\/strong><\/p>\n<p><strong><em><img loading=\"lazy\" class=\"alignnone size-full wp-image-3307\" alt=\"ny film festival 2013 (7)\" src=\"http:\/\/www.brazilianpress.com\/v1\/wp-content\/uploads\/2013\/10\/ny-film-festival-2013-7.jpg\" width=\"450\" height=\"300\" srcset=\"https:\/\/www.brazilianpress.com\/v1\/wp-content\/uploads\/2013\/10\/ny-film-festival-2013-7.jpg 450w, https:\/\/www.brazilianpress.com\/v1\/wp-content\/uploads\/2013\/10\/ny-film-festival-2013-7-300x200.jpg 300w\" sizes=\"(max-width: 450px) 100vw, 450px\" \/><br \/>\nA atriz Naomi Watts<\/em><\/strong><\/p>\n<p><strong><em><img loading=\"lazy\" class=\"alignnone size-full wp-image-3308\" alt=\"ny film festival 2013 (8)\" src=\"http:\/\/www.brazilianpress.com\/v1\/wp-content\/uploads\/2013\/10\/ny-film-festival-2013-8.jpg\" width=\"450\" height=\"300\" srcset=\"https:\/\/www.brazilianpress.com\/v1\/wp-content\/uploads\/2013\/10\/ny-film-festival-2013-8.jpg 450w, https:\/\/www.brazilianpress.com\/v1\/wp-content\/uploads\/2013\/10\/ny-film-festival-2013-8-300x200.jpg 300w\" sizes=\"(max-width: 450px) 100vw, 450px\" \/><br \/>\nOs irm\u00e3os Coen, diretores de \u201cInside Llewyn Davis\u201d<\/em><\/strong><\/p>\n<p><strong><em><img loading=\"lazy\" class=\"alignnone size-full wp-image-3309\" alt=\"ny film festival 2013 (9)\" src=\"http:\/\/www.brazilianpress.com\/v1\/wp-content\/uploads\/2013\/10\/ny-film-festival-2013-9.jpg\" width=\"450\" height=\"300\" srcset=\"https:\/\/www.brazilianpress.com\/v1\/wp-content\/uploads\/2013\/10\/ny-film-festival-2013-9.jpg 450w, https:\/\/www.brazilianpress.com\/v1\/wp-content\/uploads\/2013\/10\/ny-film-festival-2013-9-300x200.jpg 300w\" sizes=\"(max-width: 450px) 100vw, 450px\" \/><br \/>\nVolunt\u00e1rios do NYFF<\/em><\/strong><\/p>\n<p><strong><em><img loading=\"lazy\" class=\"alignnone size-full wp-image-3310\" alt=\"ny film festival 2013 (10)\" src=\"http:\/\/www.brazilianpress.com\/v1\/wp-content\/uploads\/2013\/10\/ny-film-festival-2013-10.jpg\" width=\"450\" height=\"300\" srcset=\"https:\/\/www.brazilianpress.com\/v1\/wp-content\/uploads\/2013\/10\/ny-film-festival-2013-10.jpg 450w, https:\/\/www.brazilianpress.com\/v1\/wp-content\/uploads\/2013\/10\/ny-film-festival-2013-10-300x200.jpg 300w\" sizes=\"(max-width: 450px) 100vw, 450px\" \/><br \/>\nAs Garotas Brasileiras do Hollywood TV<\/em><\/strong><\/p>\n<p><strong><em><img loading=\"lazy\" class=\"alignnone size-full wp-image-3311\" alt=\"ny film festival 2013 (11)\" src=\"http:\/\/www.brazilianpress.com\/v1\/wp-content\/uploads\/2013\/10\/ny-film-festival-2013-11.jpg\" width=\"450\" height=\"300\" srcset=\"https:\/\/www.brazilianpress.com\/v1\/wp-content\/uploads\/2013\/10\/ny-film-festival-2013-11.jpg 450w, https:\/\/www.brazilianpress.com\/v1\/wp-content\/uploads\/2013\/10\/ny-film-festival-2013-11-300x200.jpg 300w\" sizes=\"(max-width: 450px) 100vw, 450px\" \/><br \/>\nOscar Isaac e John Wildman, Senior Publicist<\/em><\/strong><\/p>\n<p><strong><em><img loading=\"lazy\" class=\"alignnone size-full wp-image-3312\" alt=\"ny film festival 2013 (12)\" src=\"http:\/\/www.brazilianpress.com\/v1\/wp-content\/uploads\/2013\/10\/ny-film-festival-2013-12.jpg\" width=\"450\" height=\"317\" srcset=\"https:\/\/www.brazilianpress.com\/v1\/wp-content\/uploads\/2013\/10\/ny-film-festival-2013-12.jpg 450w, https:\/\/www.brazilianpress.com\/v1\/wp-content\/uploads\/2013\/10\/ny-film-festival-2013-12-300x211.jpg 300w\" sizes=\"(max-width: 450px) 100vw, 450px\" \/><br \/>\nO ator e comediante Steve Coogan e Junior Schutt<\/em><\/strong><\/p>\n<p><strong><em><img loading=\"lazy\" class=\"alignnone size-full wp-image-3300\" alt=\"ny film festival 2013 (13)\" src=\"http:\/\/www.brazilianpress.com\/v1\/wp-content\/uploads\/2013\/10\/ny-film-festival-2013-13.jpg\" width=\"450\" height=\"300\" srcset=\"https:\/\/www.brazilianpress.com\/v1\/wp-content\/uploads\/2013\/10\/ny-film-festival-2013-13.jpg 450w, https:\/\/www.brazilianpress.com\/v1\/wp-content\/uploads\/2013\/10\/ny-film-festival-2013-13-300x200.jpg 300w\" sizes=\"(max-width: 450px) 100vw, 450px\" \/><br \/>\nO cin\u00e9filo Jim Gerow e seu amigo Juan<\/em><\/strong><\/p>\n<p><img loading=\"lazy\" class=\"alignnone size-full wp-image-3302\" alt=\"ny film festival 2013 (2)\" src=\"http:\/\/www.brazilianpress.com\/v1\/wp-content\/uploads\/2013\/10\/ny-film-festival-2013-2.jpg\" width=\"450\" height=\"300\" srcset=\"https:\/\/www.brazilianpress.com\/v1\/wp-content\/uploads\/2013\/10\/ny-film-festival-2013-2.jpg 450w, https:\/\/www.brazilianpress.com\/v1\/wp-content\/uploads\/2013\/10\/ny-film-festival-2013-2-300x200.jpg 300w\" sizes=\"(max-width: 450px) 100vw, 450px\" \/><\/p>\n<p><img loading=\"lazy\" class=\"alignnone size-full wp-image-3303\" alt=\"ny film festival 2013 (3)\" src=\"http:\/\/www.brazilianpress.com\/v1\/wp-content\/uploads\/2013\/10\/ny-film-festival-2013-3.jpg\" width=\"450\" height=\"300\" srcset=\"https:\/\/www.brazilianpress.com\/v1\/wp-content\/uploads\/2013\/10\/ny-film-festival-2013-3.jpg 450w, https:\/\/www.brazilianpress.com\/v1\/wp-content\/uploads\/2013\/10\/ny-film-festival-2013-3-300x200.jpg 300w\" sizes=\"(max-width: 450px) 100vw, 450px\" \/><\/p>\n<p><img loading=\"lazy\" class=\"alignnone size-full wp-image-3304\" alt=\"ny film festival 2013 (4)\" src=\"http:\/\/www.brazilianpress.com\/v1\/wp-content\/uploads\/2013\/10\/ny-film-festival-2013-4.jpg\" width=\"450\" height=\"300\" srcset=\"https:\/\/www.brazilianpress.com\/v1\/wp-content\/uploads\/2013\/10\/ny-film-festival-2013-4.jpg 450w, https:\/\/www.brazilianpress.com\/v1\/wp-content\/uploads\/2013\/10\/ny-film-festival-2013-4-300x200.jpg 300w\" sizes=\"(max-width: 450px) 100vw, 450px\" \/><\/p>\n<p><img loading=\"lazy\" class=\"alignnone size-full wp-image-3305\" alt=\"ny film festival 2013 (5)\" src=\"http:\/\/www.brazilianpress.com\/v1\/wp-content\/uploads\/2013\/10\/ny-film-festival-2013-5.jpg\" width=\"450\" height=\"300\" srcset=\"https:\/\/www.brazilianpress.com\/v1\/wp-content\/uploads\/2013\/10\/ny-film-festival-2013-5.jpg 450w, https:\/\/www.brazilianpress.com\/v1\/wp-content\/uploads\/2013\/10\/ny-film-festival-2013-5-300x200.jpg 300w\" sizes=\"(max-width: 450px) 100vw, 450px\" \/><\/p>\n","protected":false},"excerpt":{"rendered":"<p>Junior Schutt- O maior e mais respeitado festival de cinema da Am\u00e9rica, o New York Film Festival, iniciou sua 51\u00ba edi\u00e7\u00e3o na \u00faltima sexta-feira, com a presen\u00e7a de diretores consagrados, celebridades internacionais e de Hollywood para celebrarem o melhor da ind\u00fastria no grandioso evento, considerado palco para as novas vozes e tend\u00eancias cinematogr\u00e1ficas e tamb\u00e9m pr\u00e9via dos nomes mais cotados para a temporada de premia\u00e7\u00f5es, inclusive o Oscar. O Brazilian Press esteve presente e clicou toda a festividade. Aguarde cobertura exclusiva em nosso website. O Festival prossegue at\u00e9 13 de outubro nas instala\u00e7\u00f5es do Lincoln Center em Manhattan. Confira!<\/p>\n","protected":false},"author":1,"featured_media":3305,"comment_status":"open","ping_status":"open","sticky":false,"template":"","format":"standard","meta":{"_links_to":"","_links_to_target":""},"categories":[4,19,1],"tags":[],"views":3141,"_links":{"self":[{"href":"https:\/\/www.brazilianpress.com\/v1\/wp-json\/wp\/v2\/posts\/3299"}],"collection":[{"href":"https:\/\/www.brazilianpress.com\/v1\/wp-json\/wp\/v2\/posts"}],"about":[{"href":"https:\/\/www.brazilianpress.com\/v1\/wp-json\/wp\/v2\/types\/post"}],"author":[{"embeddable":true,"href":"https:\/\/www.brazilianpress.com\/v1\/wp-json\/wp\/v2\/users\/1"}],"replies":[{"embeddable":true,"href":"https:\/\/www.brazilianpress.com\/v1\/wp-json\/wp\/v2\/comments?post=3299"}],"version-history":[{"count":2,"href":"https:\/\/www.brazilianpress.com\/v1\/wp-json\/wp\/v2\/posts\/3299\/revisions"}],"predecessor-version":[{"id":3384,"href":"https:\/\/www.brazilianpress.com\/v1\/wp-json\/wp\/v2\/posts\/3299\/revisions\/3384"}],"wp:featuredmedia":[{"embeddable":true,"href":"https:\/\/www.brazilianpress.com\/v1\/wp-json\/wp\/v2\/media\/3305"}],"wp:attachment":[{"href":"https:\/\/www.brazilianpress.com\/v1\/wp-json\/wp\/v2\/media?parent=3299"}],"wp:term":[{"taxonomy":"category","embeddable":true,"href":"https:\/\/www.brazilianpress.com\/v1\/wp-json\/wp\/v2\/categories?post=3299"},{"taxonomy":"post_tag","embeddable":true,"href":"https:\/\/www.brazilianpress.com\/v1\/wp-json\/wp\/v2\/tags?post=3299"}],"curies":[{"name":"wp","href":"https:\/\/api.w.org\/{rel}","templated":true}]}}