{"id":34713,"date":"2018-06-14T15:19:16","date_gmt":"2018-06-14T19:19:16","guid":{"rendered":"http:\/\/www.brazilianpress.com\/v1\/?p=34713"},"modified":"2018-06-14T15:19:16","modified_gmt":"2018-06-14T19:19:16","slug":"congressistas-republicanos-se-mobilizam-para-chegar-a-um-acordo-sobre-imigracao","status":"publish","type":"post","link":"https:\/\/www.brazilianpress.com\/v1\/2018\/06\/14\/congressistas-republicanos-se-mobilizam-para-chegar-a-um-acordo-sobre-imigracao\/","title":{"rendered":"Congressistas republicanos se mobilizam para chegar a um acordo sobre imigra\u00e7\u00e3o"},"content":{"rendered":"<p>Parlamentares republicanos pediram na sexta-feira um acordo sobre a imigra\u00e7\u00e3o, algo que tem sido esquecido por d\u00e9cadas, pressionado por rebeldes moderados do partido que complicaram as coisas ao introduzir prazos perempt\u00f3rios.<\/p>\n<p>Os centristas amea\u00e7am que sem um acordo com a ala direita e a hierarquia partid\u00e1ria, eles ter\u00e3o assinaturas suficientes na ter\u00e7a-feira para uma peti\u00e7\u00e3o para for\u00e7ar a c\u00e2mara baixa a votar este m\u00eas em projetos que d\u00e3o aos jovens sonhadores um caminho para a cidadania. Muitos conservadores se op\u00f5em a conceder esse caminho, enquanto os l\u00edderes dizem que for\u00e7ar esse voto causaria divis\u00f5es e prejudicaria as perspectivas eleitorais do partido em novembro.<\/p>\n<p>&#8220;Fomos for\u00e7ados a nos sentarmos \u00e0 mesa&#8221;, disse Mario Diaz-Balart, um representante moderado. &#8220;O fato for\u00e7arem as pessoas a se sentarem \u00e0 mesa significa que teremos uma solu\u00e7\u00e3o? N\u00e3o&#8221;.<\/p>\n<p>Na quinta-feira, um l\u00edder dos moderados disse que um projeto de acordo com a direita estava sendo discutido para permitir que sonhadores permanecessem legalmente nos Estados Unidos. Mas os direitistas disseram mais tarde que n\u00e3o houve acordo, um sinal de qu\u00e3o dif\u00edcil \u00e9 para o Partido Republicano superar seu antigo problema.<\/p>\n<p>No mesmo dia, o presidente da c\u00e2mara, Paul Ryan, disse que os l\u00edderes tentar\u00e3o elaborar um acordo que satisfa\u00e7a todos os setores republicanos. Ryan espera que tal acordo neutralize as amea\u00e7as dos centristas de for\u00e7ar a c\u00e2mera a realizar uma s\u00e9rie de votos nas pr\u00f3ximas semanas.<\/p>\n<p>Pressa \u00e9 uma manifesta\u00e7\u00e3o das crescentes press\u00f5es que enfrentam os republicanos no confronto entre os centristas, representantes de distritos e da moderada grande popula\u00e7\u00e3o hisp\u00e2nica, e conservadores cujos eleitores simpatizam com a ret\u00f3rica anti-imigrante violenta do presidente Donald Trump.<\/p>\n<p>Um l\u00edder moderado, o californiano Jeff Denham, disse que, na aus\u00eancia de um acordo, a amea\u00e7a dos moderados continua for\u00e7ando a C\u00e2mara a deliberar sobre quatro projetos de lei de imigra\u00e7\u00e3o.<\/p>\n<p>Denham e o deputado Carlos Curbelo, da Fl\u00f3rida, precisam de apenas mais duas assinaturas na peti\u00e7\u00e3o que for\u00e7ariam esses votos, se todos os democratas o assinarem. Se eles os pegarem at\u00e9 ter\u00e7a-feira, as c\u00e2meras teriam que votar em 25 de junho.<\/p>\n","protected":false},"excerpt":{"rendered":"<p>Parlamentares republicanos pediram na sexta-feira um acordo sobre a imigra\u00e7\u00e3o, algo que tem sido esquecido por d\u00e9cadas, pressionado por rebeldes moderados do partido que complicaram as coisas ao introduzir prazos perempt\u00f3rios. Os centristas amea\u00e7am que sem um acordo com a ala direita e a hierarquia partid\u00e1ria, eles ter\u00e3o assinaturas suficientes na ter\u00e7a-feira para uma peti\u00e7\u00e3o para for\u00e7ar a c\u00e2mara baixa a votar este m\u00eas em projetos que d\u00e3o aos jovens sonhadores um caminho para a cidadania. Muitos conservadores se op\u00f5em a conceder esse caminho, enquanto os l\u00edderes dizem que for\u00e7ar esse voto causaria divis\u00f5es e prejudicaria as perspectivas eleitorais do [&hellip;]<\/p>\n","protected":false},"author":1,"featured_media":34714,"comment_status":"open","ping_status":"open","sticky":false,"template":"","format":"standard","meta":{"_links_to":"","_links_to_target":""},"categories":[4,1],"tags":[],"views":1641,"_links":{"self":[{"href":"https:\/\/www.brazilianpress.com\/v1\/wp-json\/wp\/v2\/posts\/34713"}],"collection":[{"href":"https:\/\/www.brazilianpress.com\/v1\/wp-json\/wp\/v2\/posts"}],"about":[{"href":"https:\/\/www.brazilianpress.com\/v1\/wp-json\/wp\/v2\/types\/post"}],"author":[{"embeddable":true,"href":"https:\/\/www.brazilianpress.com\/v1\/wp-json\/wp\/v2\/users\/1"}],"replies":[{"embeddable":true,"href":"https:\/\/www.brazilianpress.com\/v1\/wp-json\/wp\/v2\/comments?post=34713"}],"version-history":[{"count":1,"href":"https:\/\/www.brazilianpress.com\/v1\/wp-json\/wp\/v2\/posts\/34713\/revisions"}],"predecessor-version":[{"id":34715,"href":"https:\/\/www.brazilianpress.com\/v1\/wp-json\/wp\/v2\/posts\/34713\/revisions\/34715"}],"wp:featuredmedia":[{"embeddable":true,"href":"https:\/\/www.brazilianpress.com\/v1\/wp-json\/wp\/v2\/media\/34714"}],"wp:attachment":[{"href":"https:\/\/www.brazilianpress.com\/v1\/wp-json\/wp\/v2\/media?parent=34713"}],"wp:term":[{"taxonomy":"category","embeddable":true,"href":"https:\/\/www.brazilianpress.com\/v1\/wp-json\/wp\/v2\/categories?post=34713"},{"taxonomy":"post_tag","embeddable":true,"href":"https:\/\/www.brazilianpress.com\/v1\/wp-json\/wp\/v2\/tags?post=34713"}],"curies":[{"name":"wp","href":"https:\/\/api.w.org\/{rel}","templated":true}]}}