{"id":34716,"date":"2018-06-16T13:43:55","date_gmt":"2018-06-16T17:43:55","guid":{"rendered":"http:\/\/www.brazilianpress.com\/v1\/?p=34716"},"modified":"2018-06-16T13:43:55","modified_gmt":"2018-06-16T17:43:55","slug":"video-milhares-de-criancas-separadas-dos-pais-na-fronteira-eua-mexico","status":"publish","type":"post","link":"https:\/\/www.brazilianpress.com\/v1\/2018\/06\/16\/video-milhares-de-criancas-separadas-dos-pais-na-fronteira-eua-mexico\/","title":{"rendered":"V\u00cdDEO: Milhares de crian\u00e7as separadas dos pais na fronteira EUA-M\u00e9xico"},"content":{"rendered":"<p>O Departamento de Sa\u00fade e Servi\u00e7os Humanos dos Estados Unidos divulgou um v\u00eddeo com imagens de um antigo supermercado, em Brownsville, Texas, convertido num abrigo para crian\u00e7as e adolescentes imigrantes, que tentaram entrar no pa\u00eds de forma ilegal.<\/p>\n<p>No edif\u00edcio est\u00e3o cerca de 1.500 crian\u00e7as, com idades entre os 10 e os 17 anos, que foram separadas das fam\u00edlias na fronteira dos Estados Unidos com o M\u00e9xico. Numa das paredes das instala\u00e7\u00f5es pode ver-se um mural com a cara de Donald Trump e as seguintes palavras escritas: &#8220;\u00c0s vezes ao perder uma batalha encontras uma nova forma de vencer a guerra&#8221;. Os denominados &#8220;menores estrangeiros n\u00e3o acompanhados por adultos&#8221; s\u00e3o separados das fam\u00b4\u00edlias e ficam \u00e0 guarda do Gabinete de Reinstala\u00e7\u00e3o de Refugiados (Office of Refugee Resettlement &#8211; ORR, dependente do Departamento de Sa\u00fade e Servi\u00e7os Humanos). <span style=\"color: #800000;\"><strong>Assista a reportagem:<\/strong><\/span><\/p>\n<div class=\"mnmd-responsive-video\"><iframe loading=\"lazy\" title=\"Milhares de crian\u00e7as separadas dos pais na fronteira EUA - M\u00e9xico\" width=\"1200\" height=\"675\" src=\"https:\/\/www.youtube.com\/embed\/yM1wWAIkQX0?feature=oembed\" frameborder=\"0\" allow=\"accelerometer; autoplay; encrypted-media; gyroscope; picture-in-picture\" allowfullscreen><\/iframe><\/div>\n<p>Especialistas consideram estas separa\u00e7\u00f5es uma das &#8220;medidas extraordin\u00e1rias&#8221; que Donald Trump decidiu tomar para combater a imigra\u00e7\u00e3o ilegal no pa\u00eds. Os movimentos do governo para separar as fam\u00edlias est\u00e3o a ser amplamente criticados por m\u00e9dicos, Na\u00e7\u00f5es Unidas, e v\u00e1rios l\u00edderes religiosos dos Estados Unidos. Esta semana, a Administra\u00e7\u00e3o Trump anunciou que vai instalar mais um destes acampamentos em Tornillo, no Texas.<\/p>\n","protected":false},"excerpt":{"rendered":"<p>O Departamento de Sa\u00fade e Servi\u00e7os Humanos dos Estados Unidos divulgou um v\u00eddeo com imagens de um antigo supermercado, em Brownsville, Texas, convertido num abrigo para crian\u00e7as e adolescentes imigrantes, que tentaram entrar no pa\u00eds de forma ilegal. No edif\u00edcio est\u00e3o cerca de 1.500 crian\u00e7as, com idades entre os 10 e os 17 anos, que foram separadas das fam\u00edlias na fronteira dos Estados Unidos com o M\u00e9xico. Numa das paredes das instala\u00e7\u00f5es pode ver-se um mural com a cara de Donald Trump e as seguintes palavras escritas: &#8220;\u00c0s vezes ao perder uma batalha encontras uma nova forma de vencer a [&hellip;]<\/p>\n","protected":false},"author":1,"featured_media":34717,"comment_status":"open","ping_status":"open","sticky":false,"template":"","format":"standard","meta":{"_links_to":"","_links_to_target":""},"categories":[4,3,1],"tags":[],"views":2201,"_links":{"self":[{"href":"https:\/\/www.brazilianpress.com\/v1\/wp-json\/wp\/v2\/posts\/34716"}],"collection":[{"href":"https:\/\/www.brazilianpress.com\/v1\/wp-json\/wp\/v2\/posts"}],"about":[{"href":"https:\/\/www.brazilianpress.com\/v1\/wp-json\/wp\/v2\/types\/post"}],"author":[{"embeddable":true,"href":"https:\/\/www.brazilianpress.com\/v1\/wp-json\/wp\/v2\/users\/1"}],"replies":[{"embeddable":true,"href":"https:\/\/www.brazilianpress.com\/v1\/wp-json\/wp\/v2\/comments?post=34716"}],"version-history":[{"count":1,"href":"https:\/\/www.brazilianpress.com\/v1\/wp-json\/wp\/v2\/posts\/34716\/revisions"}],"predecessor-version":[{"id":34718,"href":"https:\/\/www.brazilianpress.com\/v1\/wp-json\/wp\/v2\/posts\/34716\/revisions\/34718"}],"wp:featuredmedia":[{"embeddable":true,"href":"https:\/\/www.brazilianpress.com\/v1\/wp-json\/wp\/v2\/media\/34717"}],"wp:attachment":[{"href":"https:\/\/www.brazilianpress.com\/v1\/wp-json\/wp\/v2\/media?parent=34716"}],"wp:term":[{"taxonomy":"category","embeddable":true,"href":"https:\/\/www.brazilianpress.com\/v1\/wp-json\/wp\/v2\/categories?post=34716"},{"taxonomy":"post_tag","embeddable":true,"href":"https:\/\/www.brazilianpress.com\/v1\/wp-json\/wp\/v2\/tags?post=34716"}],"curies":[{"name":"wp","href":"https:\/\/api.w.org\/{rel}","templated":true}]}}