{"id":34723,"date":"2018-06-19T10:42:00","date_gmt":"2018-06-19T14:42:00","guid":{"rendered":"http:\/\/www.brazilianpress.com\/v1\/?p=34723"},"modified":"2018-06-19T10:42:00","modified_gmt":"2018-06-19T14:42:00","slug":"imigracao-audios-de-criancas-separadas-dos-pais-chorando-revoltam-comunidades-nos-eua","status":"publish","type":"post","link":"https:\/\/www.brazilianpress.com\/v1\/2018\/06\/19\/imigracao-audios-de-criancas-separadas-dos-pais-chorando-revoltam-comunidades-nos-eua\/","title":{"rendered":"Imigra\u00e7\u00e3o: \u00c1udios de crian\u00e7as separadas dos pais chorando revoltam comunidades nos EUA"},"content":{"rendered":"<p><strong>ONG divulga \u00e1udio de crian\u00e7as chorando ao serem separadas de familiares na fronteira dos EUA. Pa\u00eds vive pol\u00eamica nacional acerca da medida que separa crian\u00e7as de familiares que entram ilegalmente pela fronteira com o M\u00e9xico.<\/strong><\/p>\n<p>a grava\u00e7\u00e3o de \u00e1udio com crian\u00e7as chorando ao serem separadas de seus familiares ao entrar nos Estados Unidos a partir do M\u00e9xico foi divulgada nesta segunda-feira (18) pela ONG ProPublica, acrescentando uma carga emocional \u00e0 atual pol\u00eamica acerca da medida que tem sido aplicada de forma rigorosa pela administra\u00e7\u00e3o Trump. \u201cPapai! Papai!\u201d, \u201cN\u00e3o quero que parem o meu pai!\u201d, diz uma crian\u00e7a a um agente de fronteira em meio a choros de outras crian\u00e7as. <span style=\"color: #800000;\"><strong>OU\u00c7A:<\/strong><\/span><\/p>\n<div class=\"mnmd-responsive-video\"><iframe loading=\"lazy\" title=\"Outrage Grows After Audio Captures Kids Crying\" width=\"1200\" height=\"675\" src=\"https:\/\/www.youtube.com\/embed\/KAGr-wxTJMo?feature=oembed\" frameborder=\"0\" allow=\"accelerometer; autoplay; encrypted-media; gyroscope; picture-in-picture\" allowfullscreen><\/iframe><\/div>\n<p>O \u00e1udio foi entregue \u00e0 advogada de direitos humanos Jennifer Harbury por um denunciante. Ele foi gravado na semana passada. Mas o local exato da grava\u00e7\u00e3o n\u00e3o foi divulgado. No in\u00edcio de maio, o governo passou a aplicar de forma rigorosa uma normativa segundo as quais as fam\u00edlias que entram de forma clandestina no pa\u00eds s\u00e3o imediatamente separadas e as crian\u00e7as menores levadas para instala\u00e7\u00f5es desconhecidas por seus pais. Enquanto os pais s\u00e3o mantidos em pris\u00f5es, seus filhos s\u00e3o enviados a centros de deten\u00e7\u00e3o diferentes, alguns em locais remotos. A pol\u00edtica causa uma pol\u00eamica nacional. Ela foi elaborada e aprovada durante o governo de Barack Obama, apesar de ter sido aplicada apenas em casos excepcionais. No in\u00edcio de maio, o governo Trump passou a aplic\u00e1-la de forma rigorosa, com &#8220;toler\u00e2ncia zero&#8221;.<\/p>\n<p>Trump \u00e9 alvo de uma avalanche de cr\u00edticas, tanto de democratas como de republicanos, contra o endurecimento da medida. O presidente responsabiliza os democratas pela lei e diz que s\u00e3o eles que devem mud\u00e1-la. &#8220;Digo que \u00e9 muito fortemente culpa dos democratas&#8221;, disse nesta segunda na Casa Branca. Por um lado, disse que considera a pol\u00edtica &#8220;horr\u00edvel&#8221;. Por outro, enfatizou que &#8220;os Estados Unidos n\u00e3o ser\u00e3o um campo de imigrantes, e n\u00e3o ser\u00e3o um complexo para manter refugiados&#8221;.<\/p>\n<div class=\"mnmd-responsive-video\"><iframe loading=\"lazy\" title=\"Children Heard Crying In Obtained Audio Of Migrant Detention Center | MTP Daily | MSNBC\" width=\"1200\" height=\"675\" src=\"https:\/\/www.youtube.com\/embed\/lq4bbEJkCOI?feature=oembed\" frameborder=\"0\" allow=\"accelerometer; autoplay; encrypted-media; gyroscope; picture-in-picture\" allowfullscreen><\/iframe><\/div>\n<p><strong>Quase 2 mil crian\u00e7as separadas<\/strong><\/p>\n<p>De acordo com o governo de Washington, em um recente per\u00edodo de seis semanas, quase 2.000 menores de idade foram separados de seus pais ou tutores. A ONU denunciou uma &#8220;viola\u00e7\u00e3o grave dos direitos da crian\u00e7a&#8221; e pediu o fim de sua aplica\u00e7\u00e3o. Nesta segunda, o alto comiss\u00e1rio da ONU para os Direitos Humanos considerou a pol\u00edtica &#8220;inadmiss\u00edvel&#8221;.<\/p>\n<p><strong>Projetos de lei<\/strong><\/p>\n<p>O presidente deve se reunir com parlamentares republicanos nesta ter\u00e7a antes de vota\u00e7\u00f5es sobre a legisla\u00e7\u00e3o imigrat\u00f3ria. Trump e republicanos da C\u00e2mara dos Deputados devem debater dois projetos de lei cuja vota\u00e7\u00e3o est\u00e1 marcada para a quinta-feira. Os dois foram formulados sem a participa\u00e7\u00e3o dos democratas. Os republicanos controlam a C\u00e2mara, o Senado e a Casa Branca. No entanto, segundo a Reuters, uma grande negocia\u00e7\u00e3o no Congresso que finalmente resolva as divis\u00f5es profundas relativas \u00e0 lei de imigra\u00e7\u00e3o parece improv\u00e1vel, j\u00e1 que Trump est\u00e1 focado na obten\u00e7\u00e3o de fundos para construir um muro que promete h\u00e1 tempos na fronteira sul com o M\u00e9xico.<\/p>\n<p>https:\/\/www.youtube.com\/watch?v=hV-yEFDzpOQ<\/p>\n<p><strong>Melania defende acordo<\/strong><\/p>\n<p>Neste domingo, a primeira-dama Melania Trump defendeu um acordo bipartid\u00e1rio para reformular as leis migrat\u00f3rias. No Congresso, a oposi\u00e7\u00e3o democrata denuncia uma pr\u00e1tica &#8220;diab\u00f3lica&#8221;. O mal-estar tamb\u00e9m se instalou entre a maioria republicana. A ex-primeira-dama Laura Bush, mulher do ex-presidente republicano George W. Bush criticou abertamente a abordagem republicana em um artigo publicado neste domingo no &#8221; The Washington Post&#8221;. &#8220;Moro em um estado fronteiri\u00e7o. Compreendo a necessidade de refor\u00e7ar e proteger as fronteiras, mas esta pol\u00edtica de toler\u00e2ncia zero \u00e9 cruel. \u00c9 imoral. E isso quebra o meu cora\u00e7\u00e3o&#8221;, afirmou Laura. Michelle Obama, mulher do ex-presidente democrata Barack Obama, retuitou o coment\u00e1rio de Laura Bush afirmando: &#8220;\u00c0s vezes a verdade transcende partido&#8221;.<\/p>\n","protected":false},"excerpt":{"rendered":"<p>ONG divulga \u00e1udio de crian\u00e7as chorando ao serem separadas de familiares na fronteira dos EUA. Pa\u00eds vive pol\u00eamica nacional acerca da medida que separa crian\u00e7as de familiares que entram ilegalmente pela fronteira com o M\u00e9xico. a grava\u00e7\u00e3o de \u00e1udio com crian\u00e7as chorando ao serem separadas de seus familiares ao entrar nos Estados Unidos a partir do M\u00e9xico foi divulgada nesta segunda-feira (18) pela ONG ProPublica, acrescentando uma carga emocional \u00e0 atual pol\u00eamica acerca da medida que tem sido aplicada de forma rigorosa pela administra\u00e7\u00e3o Trump. \u201cPapai! Papai!\u201d, \u201cN\u00e3o quero que parem o meu pai!\u201d, diz uma crian\u00e7a a um agente [&hellip;]<\/p>\n","protected":false},"author":1,"featured_media":34724,"comment_status":"open","ping_status":"open","sticky":false,"template":"","format":"standard","meta":{"_links_to":"","_links_to_target":""},"categories":[4,3,1],"tags":[],"views":2840,"_links":{"self":[{"href":"https:\/\/www.brazilianpress.com\/v1\/wp-json\/wp\/v2\/posts\/34723"}],"collection":[{"href":"https:\/\/www.brazilianpress.com\/v1\/wp-json\/wp\/v2\/posts"}],"about":[{"href":"https:\/\/www.brazilianpress.com\/v1\/wp-json\/wp\/v2\/types\/post"}],"author":[{"embeddable":true,"href":"https:\/\/www.brazilianpress.com\/v1\/wp-json\/wp\/v2\/users\/1"}],"replies":[{"embeddable":true,"href":"https:\/\/www.brazilianpress.com\/v1\/wp-json\/wp\/v2\/comments?post=34723"}],"version-history":[{"count":1,"href":"https:\/\/www.brazilianpress.com\/v1\/wp-json\/wp\/v2\/posts\/34723\/revisions"}],"predecessor-version":[{"id":34725,"href":"https:\/\/www.brazilianpress.com\/v1\/wp-json\/wp\/v2\/posts\/34723\/revisions\/34725"}],"wp:featuredmedia":[{"embeddable":true,"href":"https:\/\/www.brazilianpress.com\/v1\/wp-json\/wp\/v2\/media\/34724"}],"wp:attachment":[{"href":"https:\/\/www.brazilianpress.com\/v1\/wp-json\/wp\/v2\/media?parent=34723"}],"wp:term":[{"taxonomy":"category","embeddable":true,"href":"https:\/\/www.brazilianpress.com\/v1\/wp-json\/wp\/v2\/categories?post=34723"},{"taxonomy":"post_tag","embeddable":true,"href":"https:\/\/www.brazilianpress.com\/v1\/wp-json\/wp\/v2\/tags?post=34723"}],"curies":[{"name":"wp","href":"https:\/\/api.w.org\/{rel}","templated":true}]}}