{"id":34726,"date":"2018-06-20T08:27:18","date_gmt":"2018-06-20T12:27:18","guid":{"rendered":"http:\/\/www.brazilianpress.com\/v1\/?p=34726"},"modified":"2018-06-20T08:27:18","modified_gmt":"2018-06-20T12:27:18","slug":"entenda-a-politica-de-separacao-de-criancas-imigrantes-que-causa-polemica-nos-eua","status":"publish","type":"post","link":"https:\/\/www.brazilianpress.com\/v1\/2018\/06\/20\/entenda-a-politica-de-separacao-de-criancas-imigrantes-que-causa-polemica-nos-eua\/","title":{"rendered":"Entenda a pol\u00edtica de separa\u00e7\u00e3o de crian\u00e7as imigrantes que causa pol\u00eamica nos EUA"},"content":{"rendered":"<p><strong>Nova pol\u00edtica estabelece que imigrantes ilegais adultos tenham que responder a processos criminais. Presidente Trump enfrenta cr\u00edticas e pede aprova\u00e7\u00e3o de reforma da imigra\u00e7\u00e3o.<\/strong><\/p>\n<p>Tem causado forte pol\u00eamica nos Estados Unidos a recente determina\u00e7\u00e3o de \u201ctoler\u00e2ncia zero\u201d aos imigrantes ilegais na fronteira com o M\u00e9xico. As cr\u00edticas \u00e0 administra\u00e7\u00e3o de Donald Trump foram geradas pelo fato de que crian\u00e7as s\u00e3o separadas de seus pais ou tutores que tentam entrar ilegalmente no pa\u00eds. Veja abaixo perguntas e respostas que explicam o caso:<\/p>\n<p><strong>O que diz a pol\u00edtica?<\/strong><\/p>\n<p>A pol\u00edtica estabelece que todo adulto que for pego atravessando a fronteira ilegalmente deve ser criminalmente processado. Se for capturado, o indiv\u00edduo \u00e9 levado a um centro federal de deten\u00e7\u00e3o de imigrantes at\u00e9 que se apresente a uma juiz de imigra\u00e7\u00e3o. A pol\u00edtica n\u00e3o fala em \u201csepara\u00e7\u00e3o\u201d, por\u00e9m isso acaba sendo inevit\u00e1vel na pr\u00e1tica, j\u00e1 que as crian\u00e7as n\u00e3o podem ser mantidas nesses centros.<\/p>\n<p><img src=\"https:\/\/s2.glbimg.com\/oXqWaWgxYM0UusJWrYdhCVmD_dc=\/0x0:2582x1721\/1008x0\/smart\/filters:strip_icc()\/i.s3.glbimg.com\/v1\/AUTH_59edd422c0c84a879bd37670ae4f538a\/internal_photos\/bs\/2018\/M\/B\/sXM7vARa2hMGfA8jyEdw\/abrigos.jpg\" alt=\"Crian\u00c3\u00a7as imigrantes, muitas das quais separadas de seus pais sob a pol\u00c3\u00adtica de 'toler\u00c3\u00a2ncia zero' s\u00c3\u00a3o abrigadas em tendas instaladas em Tornillo, no Texas, perto da fronteira com o M\u00c3\u00a9xico (Foto: Mike Blake\/Reuters)\" \/><\/p>\n<p><strong>Como funcionava antes?<\/strong><\/p>\n<p>Antes da nova pol\u00edtica, as fam\u00edlias que chegavam na fronteira sem autoriza\u00e7\u00e3o e que alegavam medo de voltar para a casa eram autorizados a entrar em territ\u00f3rio americano e pedir ref\u00fagio. Durante o processo de solicita\u00e7\u00e3o de ref\u00fagio o imigrante podia ou n\u00e3o ser detido, dependendo de uma s\u00e9rie de fatores, inclusive a disponibilidade de vaga nos centros de deten\u00e7\u00e3o. Tamb\u00e9m era realizadas audi\u00eancias na fronteira, e a fam\u00edlia toda poderia ser deportada.<\/p>\n<p><strong>O que acontece com as crian\u00e7as?<\/strong><\/p>\n<p>Ao serem separadas de seus pais, as crian\u00e7as s\u00e3o designadas pelo governo como \u201ccrian\u00e7as imigrantes desacompanhadas\u201d e, por isso, s\u00e3o levadas para abrigos sob cust\u00f3dia do governo, sem saber para onde seus pais foram. Imagens mostram crian\u00e7as dentro de grades, dormindo em colch\u00f5es no ch\u00e3o com cobertores de alum\u00ednio. Um \u00e1udio divulgado nesta segunda mostra crian\u00e7as chorando ao serem separadas dos pais. De acordo com o governo, em um recente per\u00edodo de seis semanas, quase 2.000 menores de idade foram separados de seus pais ou tutores. Segundo os dados, 1.995 menores de idade foram separados de 1.940 adultos que os acompanhavam na travessia entre os dias 19 de abril e 31 de maio.<\/p>\n<p><img src=\"https:\/\/s2.glbimg.com\/yAMURrbviEAZ-Ia_kRDAnelC1fk=\/0x0:4016x3012\/1008x0\/smart\/filters:strip_icc()\/i.s3.glbimg.com\/v1\/AUTH_59edd422c0c84a879bd37670ae4f538a\/internal_photos\/bs\/2018\/3\/M\/cucVzASOGq8E5G7rfBVg\/criancas-abrigos-eua.jpg\" alt=\"Foto de junho mostra abrigo de menores de idade que foram separados de familiares na fronteira com o M\u00c3\u00a9xico (Foto: Handout\/ U.S. Customs and Border Protection\/ AFP)\" \/><\/p>\n<p><strong>A pol\u00edtica \u00e9 nova?<\/strong><\/p>\n<p>Sim. Mas de acordo com uma entrevista \u00e0 rede CNN de Doris Meissner, diretor do programa de pol\u00edtica imigrat\u00f3ria dos EUA do Instituto de Pol\u00edtica Migrat\u00f3ria, ela se baseia em esfor\u00e7os das administra\u00e7\u00f5es de George Bush e Barack Obama. Em 2005, Bush lan\u00e7ou uma opera\u00e7\u00e3o em uma se\u00e7\u00e3o da fronteira no estado do Texas que estabelecia o processo criminal aos imigrante ilegais que atravessassem. A opera\u00e7\u00e3o foi estendida a outros pontos da fronteira e continuou durante a administra\u00e7\u00e3o Obama. \u201cAinda assim, o fen\u00f4meno das fam\u00edlias que chegam juntas \u00e0 fronteira dos Estados Unidos com o M\u00e9xico data apenas dos \u00faltimos anos, e n\u00e3o foi um [fen\u00f4meno] que as administra\u00e7\u00f5es de Bush ou do in\u00edcio de Obama enfrentaram em n\u00fameros significativos&#8221;, observou Meissner na entrevista. &#8220;Poucas crian\u00e7as foram separadas de suas fam\u00edlias durante as gest\u00f5es anteriores, como resultado do processo criminal dos pais\u201d, disse.<\/p>\n<p><img src=\"https:\/\/s2.glbimg.com\/0v_52OJHbWgMCAJKgw26Bn5ewZE=\/0x0:3500x2334\/1008x0\/smart\/filters:strip_icc()\/i.s3.glbimg.com\/v1\/AUTH_59edd422c0c84a879bd37670ae4f538a\/internal_photos\/bs\/2018\/3\/T\/n65mdHQm2MtblJ3z0N4A\/protesto.jpg\" alt=\"Manifestantes protestam contra separa\u00c3\u00a7\u00c3\u00a3o de fam\u00c3\u00adlias que entram ilegalmente nos EUA do lado de fora da prefeitura de Los Angeles (Foto: Patrick T. Fallon\/Reuters)\" \/><\/p>\n<p><strong>Qual \u00e9 a repercuss\u00e3o nacional?<\/strong><\/p>\n<p>Trump \u00e9 alvo de uma avalanche de cr\u00edticas, tanto de democratas como de republicanos, contra o endurecimento da medida. No Congresso, a oposi\u00e7\u00e3o democrata denuncia uma pr\u00e1tica &#8220;diab\u00f3lica&#8221;. &#8220;Eles chamam isso de &#8216;toler\u00e2ncia zero&#8217;, mas seria mais correto chamar de &#8216;humanidade zero&#8217;, e n\u00e3o h\u00e1 l\u00f3gica para esta pol\u00edtica&#8221;, declarou o senador Jeff Merkley (Oregon), que lidera um grupo de legisladores democratas que visitou a fronteira. O ex-presidente Bill Clinton denunciou no Twitter que &#8220;essas crian\u00e7as n\u00e3o devem ser usadas como ferramenta de negocia\u00e7\u00e3o&#8221;. A ex-secret\u00e1ria de Estado e rival de Trump nas \u00faltimas elei\u00e7\u00f5es Hillary Clinton acusou o presidente de usar as crian\u00e7as para fins pol\u00edticos. \u201cIsso \u00e9 uma crise humanit\u00e1ria e moral. Todo ser humano com um senso de compaix\u00e3o e dec\u00eancia deveria ficar indignado\u201d, afirmou Hillary.<\/p>\n<p>Mas o mal-estar tamb\u00e9m se instalou inclusive entre a maioria republicana. O senador republicano John McCain disse que o governo deve interromper \u201cagora\u201d e que a separa\u00e7\u00e3o familiar \u00e9 &#8220;uma afronta \u00e0 dec\u00eancia do povo norte-americano e contra os princ\u00edpios e valores nos quais a na\u00e7\u00e3o foi fundada&#8221;. Neste domingo, a primeira-dama Melania Trump disse que \u201cdetesta\u201d ver crian\u00e7as separadas de suas fam\u00edlias e defendeu um acordo bipartid\u00e1rio para reformular as leis migrat\u00f3rias. A ex-primeira-dama Laura Bush, mulher do ex-presidente republicano George W. Bush, criticou abertamente a abordagem republicana em um artigo publicado neste domingo no &#8221; The Washington Post&#8221;.<\/p>\n<p><img src=\"https:\/\/s2.glbimg.com\/O9YlZ2OjEM7ktlIdE4X_kYtOSAQ=\/0x0:3500x2334\/1008x0\/smart\/filters:strip_icc()\/i.s3.glbimg.com\/v1\/AUTH_59edd422c0c84a879bd37670ae4f538a\/internal_photos\/bs\/2018\/i\/B\/rNXwBoQYWCHfFtNVb25g\/trump-18-06.jpg\" alt=\"O presidente americano Donald Trump disse nesta segunda-feira (18) em evento na Casa Branca que os EUA n\u00c3\u00a3o podem virar um campo de imigrantes (Foto: Jonathan Ernst\/Reuters)\" \/><\/p>\n<p>&#8220;Moro em um estado fronteiri\u00e7o. Compreendo a necessidade de refor\u00e7ar e proteger as fronteiras, mas esta pol\u00edtica de toler\u00e2ncia zero \u00e9 cruel. \u00c9 imoral. E isso quebra o meu cora\u00e7\u00e3o&#8221;, afirmou Laura. Michelle Obama, mulher do ex-presidente democrata Barack Obama, retuitou o coment\u00e1rio de Laura Bush afirmando: &#8220;\u00c0s vezes a verdade transcende partido&#8221;. Por um lado, Trump diz considerar a pol\u00edtica &#8220;horr\u00edvel&#8221; e defende uma reforma nas leis de imigra\u00e7\u00e3o. &#8220;Detesto que essas crian\u00e7as sejam separadas (de suas fam\u00edlias). Os democratas t\u00eam que mudar a lei. \u00c9 a lei deles&#8221;, afirmou na semana passada, lembrando que o apoio democrata era necess\u00e1rio j\u00e1 que os republicanos t\u00eam uma maioria de apenas um voto no Senado. &#8220;Digo que \u00e9 muito fortemente culpa dos democratas&#8221;, disse nesta segunda na Casa Branca. Por outro, enfatizou que &#8220;os Estados Unidos n\u00e3o ser\u00e3o um campo de imigrantes, e n\u00e3o ser\u00e3o um complexo para manter refugiados&#8221;.<\/p>\n<p><strong>Como anda a reforma migrat\u00f3ria nos EUA?<\/strong><\/p>\n<p>A vota\u00e7\u00e3o de dois projetos de reforma migrat\u00f3ria est\u00e1 marcada para a pr\u00f3xima quinta-feira. Trump quer que o Congresso aprove dinheiro para a constru\u00e7\u00e3o do muro na fronteira com o M\u00e9xico. A constru\u00e7\u00e3o foi uma promessa de campanha e j\u00e1 foi autorizado pelo presidente. No in\u00edcio desse ano, o governo americano chegou a ficar parcialmente paralisado porque o Congresso n\u00e3o chegava a um consenso para aprovar o or\u00e7amento do governo federal. Na \u00e9poca, o or\u00e7amento para o muro emperrou as negocia\u00e7\u00f5es. O Partido Democrata queria resolver a situa\u00e7\u00e3o dos \u201cdreamers\u201d (imigrantes que entraram ilegalmente no pa\u00eds quando eram crian\u00e7as), mas o Partido Republicano e o presidente s\u00f3 fariam isso se a negocia\u00e7\u00e3o inclu\u00edsse o muro.<\/p>\n<p><strong>Qual \u00e9 a repercuss\u00e3o internacional?<\/strong><\/p>\n<p>A ONU denunciou uma &#8220;viola\u00e7\u00e3o grave dos direitos da crian\u00e7a&#8221; e pediu o fim de sua aplica\u00e7\u00e3o. Nesta segunda, o alto comiss\u00e1rio da ONU para os Direitos Humanos, Zeid Ra&#8217;ad Al Hussein, considerou a pol\u00edtica um \u201cabuso \u00e0s crian\u00e7as\u201d e &#8220;inadmiss\u00edvel&#8221;. A Anistia internacional disse que se trata de uma \u201cmedida espetacularmente cruel\u201d que n\u00e3o \u00e9 \u201cnada menos do que uma tortura\u201d.<\/p>\n","protected":false},"excerpt":{"rendered":"<p>Nova pol\u00edtica estabelece que imigrantes ilegais adultos tenham que responder a processos criminais. Presidente Trump enfrenta cr\u00edticas e pede aprova\u00e7\u00e3o de reforma da imigra\u00e7\u00e3o. Tem causado forte pol\u00eamica nos Estados Unidos a recente determina\u00e7\u00e3o de \u201ctoler\u00e2ncia zero\u201d aos imigrantes ilegais na fronteira com o M\u00e9xico. As cr\u00edticas \u00e0 administra\u00e7\u00e3o de Donald Trump foram geradas pelo fato de que crian\u00e7as s\u00e3o separadas de seus pais ou tutores que tentam entrar ilegalmente no pa\u00eds. Veja abaixo perguntas e respostas que explicam o caso: O que diz a pol\u00edtica? A pol\u00edtica estabelece que todo adulto que for pego atravessando a fronteira ilegalmente deve [&hellip;]<\/p>\n","protected":false},"author":1,"featured_media":34727,"comment_status":"open","ping_status":"open","sticky":false,"template":"","format":"standard","meta":{"_links_to":"","_links_to_target":""},"categories":[4,3,1],"tags":[],"views":1960,"_links":{"self":[{"href":"https:\/\/www.brazilianpress.com\/v1\/wp-json\/wp\/v2\/posts\/34726"}],"collection":[{"href":"https:\/\/www.brazilianpress.com\/v1\/wp-json\/wp\/v2\/posts"}],"about":[{"href":"https:\/\/www.brazilianpress.com\/v1\/wp-json\/wp\/v2\/types\/post"}],"author":[{"embeddable":true,"href":"https:\/\/www.brazilianpress.com\/v1\/wp-json\/wp\/v2\/users\/1"}],"replies":[{"embeddable":true,"href":"https:\/\/www.brazilianpress.com\/v1\/wp-json\/wp\/v2\/comments?post=34726"}],"version-history":[{"count":1,"href":"https:\/\/www.brazilianpress.com\/v1\/wp-json\/wp\/v2\/posts\/34726\/revisions"}],"predecessor-version":[{"id":34728,"href":"https:\/\/www.brazilianpress.com\/v1\/wp-json\/wp\/v2\/posts\/34726\/revisions\/34728"}],"wp:featuredmedia":[{"embeddable":true,"href":"https:\/\/www.brazilianpress.com\/v1\/wp-json\/wp\/v2\/media\/34727"}],"wp:attachment":[{"href":"https:\/\/www.brazilianpress.com\/v1\/wp-json\/wp\/v2\/media?parent=34726"}],"wp:term":[{"taxonomy":"category","embeddable":true,"href":"https:\/\/www.brazilianpress.com\/v1\/wp-json\/wp\/v2\/categories?post=34726"},{"taxonomy":"post_tag","embeddable":true,"href":"https:\/\/www.brazilianpress.com\/v1\/wp-json\/wp\/v2\/tags?post=34726"}],"curies":[{"name":"wp","href":"https:\/\/api.w.org\/{rel}","templated":true}]}}