{"id":34732,"date":"2018-06-20T14:29:03","date_gmt":"2018-06-20T18:29:03","guid":{"rendered":"http:\/\/www.brazilianpress.com\/v1\/?p=34732"},"modified":"2018-06-20T14:29:03","modified_gmt":"2018-06-20T18:29:03","slug":"sob-pressao-trump-promete-decreto-que-acabara-com-separacao-nas-familias-imigrantes","status":"publish","type":"post","link":"https:\/\/www.brazilianpress.com\/v1\/2018\/06\/20\/sob-pressao-trump-promete-decreto-que-acabara-com-separacao-nas-familias-imigrantes\/","title":{"rendered":"Sob press\u00e3o, Trump promete decreto que acabar\u00e1 com &#8220;separa\u00e7\u00e3o&#8221; nas fam\u00edlias imigrantes"},"content":{"rendered":"<p><strong>Decis\u00e3o de afastar pais e filhos se tornou uma crise de grandes propor\u00e7\u00f5es para o presidente republicano.<\/strong><\/p>\n<p>Ap\u00f3s dias de controv\u00e9rsia e cr\u00edticas, o presidente americano, Donald Trump, afirmou nesta quarta-feira (20) que ir\u00e1 acabar com a separa\u00e7\u00e3o de fam\u00edlias na fronteira, que afastou pelo menos 2.000 crian\u00e7as imigrantes de seus pais desde abril. Trump afirmou que ir\u00e1 assinar ainda nesta quarta uma ordem executiva, uma esp\u00e9cie de decreto presidencial, para manter as fam\u00edlias unidas. \u201cN\u00f3s vamos manter as fam\u00edlias unidas, mas temos que fortalecer nossas fronteiras\u201d, declarou o republicano \u00e0 imprensa. \u201cTemos que manter a linha-dura, ou nosso pa\u00eds ser\u00e1 invadido por pessoas que n\u00e3o deveriam estar no nosso pa\u00eds, pelo crime, por todas as coisas que n\u00e3o queremos.\u201d O presidente n\u00e3o deu detalhes sobre a ordem, mas disse que a assinar\u00e1 na tarde desta quarta.<\/p>\n<p>As hist\u00f3rias de crian\u00e7as sendo separadas de seus pais e as imagens de adolescentes em centros de deten\u00e7\u00e3o que mais parecem jaulas se tornaram uma crise de grandes propor\u00e7\u00f5es para Trump e os congressistas republicanos. Imigrantes que cruzam a fronteira dos EUA com seus filhos t\u00eam sido separados com mais intensidade desde abril, quando o governo Trump anunciou uma pol\u00edtica de toler\u00e2ncia zero contra a travessia ilegal. Com isso, os pais s\u00e3o processados criminalmente, o que n\u00e3o ocorria antes, e enviados a pres\u00eddios federais. As crian\u00e7as, por sua vez, que n\u00e3o podem ficar nesses estabelecimentos, v\u00e3o parar em abrigos mantidos pelo governo. Pelo menos oito crian\u00e7as brasileiras est\u00e3o entre esses casos, como mostrou reportagem da Folha. Nesta quarta, o presidente americano \u2014que havia lamentado a pr\u00e1tica, mas defendera que o governo est\u00e1 cumprindo a lei\u2013 voltou a afirmar que parte dos imigrantes usa as crian\u00e7as como \u201cpassaportes\u201d para chegarem aos EUA. \u201cH\u00e1 pessoas horr\u00edveis, em alguns casos, usando essas crian\u00e7as como ingresso, como passaporte para chegarem ao pa\u00eds\u201d, declarou. Trump disse que os republicanos querem seguran\u00e7a para os EUA, mas tamb\u00e9m \u201ct\u00eam compaix\u00e3o\u201d e querem reunir as fam\u00edlias.<\/p>\n","protected":false},"excerpt":{"rendered":"<p>Decis\u00e3o de afastar pais e filhos se tornou uma crise de grandes propor\u00e7\u00f5es para o presidente republicano. Ap\u00f3s dias de controv\u00e9rsia e cr\u00edticas, o presidente americano, Donald Trump, afirmou nesta quarta-feira (20) que ir\u00e1 acabar com a separa\u00e7\u00e3o de fam\u00edlias na fronteira, que afastou pelo menos 2.000 crian\u00e7as imigrantes de seus pais desde abril. Trump afirmou que ir\u00e1 assinar ainda nesta quarta uma ordem executiva, uma esp\u00e9cie de decreto presidencial, para manter as fam\u00edlias unidas. \u201cN\u00f3s vamos manter as fam\u00edlias unidas, mas temos que fortalecer nossas fronteiras\u201d, declarou o republicano \u00e0 imprensa. \u201cTemos que manter a linha-dura, ou nosso pa\u00eds [&hellip;]<\/p>\n","protected":false},"author":1,"featured_media":34733,"comment_status":"open","ping_status":"open","sticky":false,"template":"","format":"standard","meta":{"_links_to":"","_links_to_target":""},"categories":[4,3,1],"tags":[],"views":1846,"_links":{"self":[{"href":"https:\/\/www.brazilianpress.com\/v1\/wp-json\/wp\/v2\/posts\/34732"}],"collection":[{"href":"https:\/\/www.brazilianpress.com\/v1\/wp-json\/wp\/v2\/posts"}],"about":[{"href":"https:\/\/www.brazilianpress.com\/v1\/wp-json\/wp\/v2\/types\/post"}],"author":[{"embeddable":true,"href":"https:\/\/www.brazilianpress.com\/v1\/wp-json\/wp\/v2\/users\/1"}],"replies":[{"embeddable":true,"href":"https:\/\/www.brazilianpress.com\/v1\/wp-json\/wp\/v2\/comments?post=34732"}],"version-history":[{"count":1,"href":"https:\/\/www.brazilianpress.com\/v1\/wp-json\/wp\/v2\/posts\/34732\/revisions"}],"predecessor-version":[{"id":34734,"href":"https:\/\/www.brazilianpress.com\/v1\/wp-json\/wp\/v2\/posts\/34732\/revisions\/34734"}],"wp:featuredmedia":[{"embeddable":true,"href":"https:\/\/www.brazilianpress.com\/v1\/wp-json\/wp\/v2\/media\/34733"}],"wp:attachment":[{"href":"https:\/\/www.brazilianpress.com\/v1\/wp-json\/wp\/v2\/media?parent=34732"}],"wp:term":[{"taxonomy":"category","embeddable":true,"href":"https:\/\/www.brazilianpress.com\/v1\/wp-json\/wp\/v2\/categories?post=34732"},{"taxonomy":"post_tag","embeddable":true,"href":"https:\/\/www.brazilianpress.com\/v1\/wp-json\/wp\/v2\/tags?post=34732"}],"curies":[{"name":"wp","href":"https:\/\/api.w.org\/{rel}","templated":true}]}}