{"id":34754,"date":"2018-06-21T10:12:34","date_gmt":"2018-06-21T14:12:34","guid":{"rendered":"http:\/\/www.brazilianpress.com\/v1\/?p=34754"},"modified":"2018-06-21T10:12:34","modified_gmt":"2018-06-21T14:12:34","slug":"agenda-cultural-21618-by-roger-costa","status":"publish","type":"post","link":"https:\/\/www.brazilianpress.com\/v1\/2018\/06\/21\/agenda-cultural-21618-by-roger-costa\/","title":{"rendered":"Agenda Cultural 21\/6\/18, by Roger Costa"},"content":{"rendered":"<p>*The Joyce celebra o movimento LGBT com duplo espet\u00e1culo&gt; Para celebrar o m\u00eas da conscientiza\u00e7\u00e3o gay, o renomado The Joyce Theater (175 8th Avenue, esquina com 19th Street) apresenta duplo espet\u00e1culo de dan\u00e7a moderna at\u00e9 o pr\u00f3ximo domingo. Pride Week at The Joyce traz MADBOOTS DANCE sob lideran\u00e7a de Jonathan Campbell &amp; Austin Diaz, e Sean Dorsey Dance com a Premi\u00e8re de The Missing Generation, al\u00e9m de repert\u00f3rio variado, enfatizando problemas sociais, preconceitos, crises em relacionamentos e outros temas associados ao mundo gay. Ingressos a partir de $10. INFO: <a href=\"http:\/\/joyce.org\/pride-week-2018\">http:\/\/joyce.org\/pride-week-2018<\/a>.<\/p>\n<p><img loading=\"lazy\" class=\"alignnone size-full wp-image-34756\" src=\"http:\/\/www.brazilianpress.com\/v1\/wp-content\/uploads\/2018\/06\/Jardim-Botanico-inaugura-serie-Musical-durante-o-Verao.jpg\" alt=\"\" width=\"800\" height=\"450\" srcset=\"https:\/\/www.brazilianpress.com\/v1\/wp-content\/uploads\/2018\/06\/Jardim-Botanico-inaugura-serie-Musical-durante-o-Verao.jpg 800w, https:\/\/www.brazilianpress.com\/v1\/wp-content\/uploads\/2018\/06\/Jardim-Botanico-inaugura-serie-Musical-durante-o-Verao-300x169.jpg 300w, https:\/\/www.brazilianpress.com\/v1\/wp-content\/uploads\/2018\/06\/Jardim-Botanico-inaugura-serie-Musical-durante-o-Verao-768x432.jpg 768w\" sizes=\"(max-width: 800px) 100vw, 800px\" \/><\/p>\n<p>*Jardim Bot\u00e2nico inaugura s\u00e9rie Musical durante o Ver\u00e3o&gt; Dedicada aos ritmos de New Orleans, o New York Botanical Garden (2900 Southern Blvd, Bronx) inaugurar\u00e1 a sua primeira s\u00e9rie musical, Summer Concert Series: An American Tribute, nesta sexta-feira \u00e0s 7h00 da noite. Com o tema em celebra\u00e7\u00e3o aos &#8220;300 anos da Crescent City: New Orleans&#8221; e dire\u00e7\u00e3o do conceituado clarinetista Evan Christopher, o evento reunir\u00e1 o pianista David Torkanowsky, trompetista Jon-Erik Kellso, o baixista Kerry Lewis e Shannon Powell na percuss\u00e3o, al\u00e9m de outros convidados. A s\u00e9rie prossegue com outras atra\u00e7\u00f5es em julho. Ingressos $48. INFO: <a href=\"https:\/\/www.nybg.org\/event\/georgia-okeeffe-visions-hawaii\/summer-concert-series\/\">https:\/\/www.nybg.org\/event\/georgia-okeeffe-visions-hawaii\/summer-concert-series\/<\/a><\/p>\n<p><img loading=\"lazy\" class=\"alignnone size-full wp-image-34758\" src=\"http:\/\/www.brazilianpress.com\/v1\/wp-content\/uploads\/2018\/06\/World-Music-Institute-apresenta-novo-show-da-serie-Collaborations.jpg\" alt=\"\" width=\"744\" height=\"374\" srcset=\"https:\/\/www.brazilianpress.com\/v1\/wp-content\/uploads\/2018\/06\/World-Music-Institute-apresenta-novo-show-da-serie-Collaborations.jpg 744w, https:\/\/www.brazilianpress.com\/v1\/wp-content\/uploads\/2018\/06\/World-Music-Institute-apresenta-novo-show-da-serie-Collaborations-300x151.jpg 300w\" sizes=\"(max-width: 744px) 100vw, 744px\" \/><\/p>\n<p>*World Music Institute apresenta novo show da s\u00e9rie Collaborations&gt; Dando continuidade \u00e0 s\u00e9rie musical Collaborations a World Music Institute apresentar\u00e1 o grupo de San Francisco Kronos Quartet e a compositora e improvisadora de sons coreanos, Soo Yeon Lyuh, em dois solos, seguidos de uma parceria no grand finale para interpretar Yessori (Sound from the Past), acompanhados de instrumentos tradicionais coreanos. Ap\u00f3s o show ser\u00e1 realizado bate-papo exclusivo com os artistas. Quinta, dia 28 \u00e0s 8h00 p.m. no 92Y (1395 Lexington Ave). Ingresso $55. INFO: <a href=\"http:\/\/www.worldmusicinstitute.org\/event\/be3048102202dc413f10a999dfaf80c2\">http:\/\/www.worldmusicinstitute.org\/event\/be3048102202dc413f10a999dfaf80c2<\/a>.<\/p>\n<p><img loading=\"lazy\" class=\"alignnone size-full wp-image-34755\" src=\"http:\/\/www.brazilianpress.com\/v1\/wp-content\/uploads\/2018\/06\/Bryant-Park-da-largada-a-temporada-de-danca-2018.jpeg\" alt=\"\" width=\"800\" height=\"450\" srcset=\"https:\/\/www.brazilianpress.com\/v1\/wp-content\/uploads\/2018\/06\/Bryant-Park-da-largada-a-temporada-de-danca-2018.jpeg 800w, https:\/\/www.brazilianpress.com\/v1\/wp-content\/uploads\/2018\/06\/Bryant-Park-da-largada-a-temporada-de-danca-2018-300x169.jpeg 300w, https:\/\/www.brazilianpress.com\/v1\/wp-content\/uploads\/2018\/06\/Bryant-Park-da-largada-a-temporada-de-danca-2018-768x432.jpeg 768w\" sizes=\"(max-width: 800px) 100vw, 800px\" \/><\/p>\n<p>*Bryant Park d\u00e1 largada \u00e0 temporada de dan\u00e7a 2018&gt; A partir desta sexta-feira \u00e0s 6h00 da noite, o Bryant Park apresentar\u00e1 shows eletrizantes de dan\u00e7a moderna, com performances das melhores companhias nova-iorquinas e artistas emergentes da \u00e1rea. Para iniciar haver\u00e1 apresenta\u00e7\u00f5es de Graham 2, Eryc Taylor Dance, A ThomasProject, e Harlem School of the Arts, seguidas de nomes como NOW Dance Project (dia 29), Tiffany Mills Company (6 julho), Kate Weare Company (13 julho) e Gabrielle Lamb dia 20 de julho. Quatro companhias est\u00e3o programadas para cada evento. Gratuito. INFO: <a href=\"http:\/\/bryantpark.org\/\">http:\/\/bryantpark.org\/<\/a><\/p>\n","protected":false},"excerpt":{"rendered":"<p>*The Joyce celebra o movimento LGBT com duplo espet\u00e1culo&gt; Para celebrar o m\u00eas da conscientiza\u00e7\u00e3o gay, o renomado The Joyce Theater (175 8th Avenue, esquina com 19th Street) apresenta duplo espet\u00e1culo de dan\u00e7a moderna at\u00e9 o pr\u00f3ximo domingo. Pride Week at The Joyce traz MADBOOTS DANCE sob lideran\u00e7a de Jonathan Campbell &amp; Austin Diaz, e Sean Dorsey Dance com a Premi\u00e8re de The Missing Generation, al\u00e9m de repert\u00f3rio variado, enfatizando problemas sociais, preconceitos, crises em relacionamentos e outros temas associados ao mundo gay. Ingressos a partir de $10. INFO: http:\/\/joyce.org\/pride-week-2018. *Jardim Bot\u00e2nico inaugura s\u00e9rie Musical durante o Ver\u00e3o&gt; Dedicada aos [&hellip;]<\/p>\n","protected":false},"author":1,"featured_media":34757,"comment_status":"open","ping_status":"open","sticky":false,"template":"","format":"standard","meta":{"_links_to":"","_links_to_target":""},"categories":[20,1],"tags":[],"views":2428,"_links":{"self":[{"href":"https:\/\/www.brazilianpress.com\/v1\/wp-json\/wp\/v2\/posts\/34754"}],"collection":[{"href":"https:\/\/www.brazilianpress.com\/v1\/wp-json\/wp\/v2\/posts"}],"about":[{"href":"https:\/\/www.brazilianpress.com\/v1\/wp-json\/wp\/v2\/types\/post"}],"author":[{"embeddable":true,"href":"https:\/\/www.brazilianpress.com\/v1\/wp-json\/wp\/v2\/users\/1"}],"replies":[{"embeddable":true,"href":"https:\/\/www.brazilianpress.com\/v1\/wp-json\/wp\/v2\/comments?post=34754"}],"version-history":[{"count":1,"href":"https:\/\/www.brazilianpress.com\/v1\/wp-json\/wp\/v2\/posts\/34754\/revisions"}],"predecessor-version":[{"id":34759,"href":"https:\/\/www.brazilianpress.com\/v1\/wp-json\/wp\/v2\/posts\/34754\/revisions\/34759"}],"wp:featuredmedia":[{"embeddable":true,"href":"https:\/\/www.brazilianpress.com\/v1\/wp-json\/wp\/v2\/media\/34757"}],"wp:attachment":[{"href":"https:\/\/www.brazilianpress.com\/v1\/wp-json\/wp\/v2\/media?parent=34754"}],"wp:term":[{"taxonomy":"category","embeddable":true,"href":"https:\/\/www.brazilianpress.com\/v1\/wp-json\/wp\/v2\/categories?post=34754"},{"taxonomy":"post_tag","embeddable":true,"href":"https:\/\/www.brazilianpress.com\/v1\/wp-json\/wp\/v2\/tags?post=34754"}],"curies":[{"name":"wp","href":"https:\/\/api.w.org\/{rel}","templated":true}]}}