{"id":34760,"date":"2018-06-21T13:17:25","date_gmt":"2018-06-21T17:17:25","guid":{"rendered":"http:\/\/www.brazilianpress.com\/v1\/?p=34760"},"modified":"2018-06-21T13:17:25","modified_gmt":"2018-06-21T17:17:25","slug":"canada-adverte-imigrantes-para-nao-cruzarem-sua-fronteira-ilegalmente","status":"publish","type":"post","link":"https:\/\/www.brazilianpress.com\/v1\/2018\/06\/21\/canada-adverte-imigrantes-para-nao-cruzarem-sua-fronteira-ilegalmente\/","title":{"rendered":"Canad\u00e1 adverte imigrantes para n\u00e3o cruzarem sua fronteira ilegalmente"},"content":{"rendered":"<p>Em um esfor\u00e7o para evitar uma repeti\u00e7\u00e3o da situa\u00e7\u00e3o do ver\u00e3o passado, quando milhares de haitianos cruzaram a fronteira entre os Estados Unidos e o Canad\u00e1 ilegalmente, fugindo das duras pol\u00edticas de imigra\u00e7\u00e3o do presidente Donald Trump, o governo canadense est\u00e1 mais uma vez tentando impedir a imigra\u00e7\u00e3o ilegal.<\/p>\n<p>Desta vez, o foco n\u00e3o \u00e9 apenas nos haitianos que vivem nos Estados Unidos que perder\u00e3o prote\u00e7\u00e3o tempor\u00e1ria contra a deporta\u00e7\u00e3o em 22 de julho de 2019, mas tamb\u00e9m em mais de 200.000 imigrantes de Honduras, Nicar\u00e1gua e El Salvador que enfrentam prazos semelhantes para deixar o pa\u00eds.<\/p>\n<p>O parlamentar disse que os interessados \u200b\u200bem emigrar para o Canad\u00e1 devem consultar a p\u00e1gina digital do governo immigration.gc.ca. Ele acrescentou que o Canad\u00e1 aumentou o n\u00famero de imigrantes legais que aceita, de 260.000 em 2015 para 340.000 em 2020. O pa\u00eds tamb\u00e9m aumentou os recursos, incluindo financiamento e contrata\u00e7\u00e3o de pessoal, para lidar com uma poss\u00edvel onda de imigrantes, ap\u00f3s as li\u00e7\u00f5es aprendidas no ano passado, quando 23.578 requerentes de asilo entraram ilegalmente no Canad\u00e1.<\/p>\n<p>Embora n\u00e3o haja planos imediatos para as autoridades canadenses fazerem o mesmo para os pa\u00edses cujos cidad\u00e3os t\u00eam TPS, o governo est\u00e1 enviando representantes para cidades nos Estados Unidos onde um grande n\u00famero de pessoas desses pa\u00edses vive. Boissonnault disse que as pessoas que est\u00e3o pensando em imigrar para seu pa\u00eds interpretaram mal o sistema de imigra\u00e7\u00e3o do Canad\u00e1 como acolhedor, porque o pa\u00eds permite que os solicitantes de asilo recebam permiss\u00e3o de trabalho depois de passarem pelas verifica\u00e7\u00f5es de antecedentes e poderem entrar no pa\u00eds.<\/p>\n<p>O que os imigrantes devem saber: se cruzarem ilegalmente a fronteira canadense, ser\u00e3o presos. &#8220;As pessoas foram mal informadas [acreditando que] ao atravessar a fronteira, recebem benef\u00edcios, quando na verdade h\u00e1 um processo muito rigoroso&#8221;, disse Boissonaul. &#8220;Temos um processo legal e rigoroso de imigra\u00e7\u00e3o que continua \u00e0 medida que analisamos os pedidos de asilo e queremos que as pessoas o compreendam &#8211; n\u00e3o confunda a hospitalidade canadense com uma resid\u00eancia permanente no Canad\u00e1&#8221;.<\/p>\n","protected":false},"excerpt":{"rendered":"<p>Em um esfor\u00e7o para evitar uma repeti\u00e7\u00e3o da situa\u00e7\u00e3o do ver\u00e3o passado, quando milhares de haitianos cruzaram a fronteira entre os Estados Unidos e o Canad\u00e1 ilegalmente, fugindo das duras pol\u00edticas de imigra\u00e7\u00e3o do presidente Donald Trump, o governo canadense est\u00e1 mais uma vez tentando impedir a imigra\u00e7\u00e3o ilegal. Desta vez, o foco n\u00e3o \u00e9 apenas nos haitianos que vivem nos Estados Unidos que perder\u00e3o prote\u00e7\u00e3o tempor\u00e1ria contra a deporta\u00e7\u00e3o em 22 de julho de 2019, mas tamb\u00e9m em mais de 200.000 imigrantes de Honduras, Nicar\u00e1gua e El Salvador que enfrentam prazos semelhantes para deixar o pa\u00eds. O parlamentar disse [&hellip;]<\/p>\n","protected":false},"author":1,"featured_media":34761,"comment_status":"open","ping_status":"open","sticky":false,"template":"","format":"standard","meta":{"_links_to":"","_links_to_target":""},"categories":[3,8,1],"tags":[],"views":2229,"_links":{"self":[{"href":"https:\/\/www.brazilianpress.com\/v1\/wp-json\/wp\/v2\/posts\/34760"}],"collection":[{"href":"https:\/\/www.brazilianpress.com\/v1\/wp-json\/wp\/v2\/posts"}],"about":[{"href":"https:\/\/www.brazilianpress.com\/v1\/wp-json\/wp\/v2\/types\/post"}],"author":[{"embeddable":true,"href":"https:\/\/www.brazilianpress.com\/v1\/wp-json\/wp\/v2\/users\/1"}],"replies":[{"embeddable":true,"href":"https:\/\/www.brazilianpress.com\/v1\/wp-json\/wp\/v2\/comments?post=34760"}],"version-history":[{"count":1,"href":"https:\/\/www.brazilianpress.com\/v1\/wp-json\/wp\/v2\/posts\/34760\/revisions"}],"predecessor-version":[{"id":34762,"href":"https:\/\/www.brazilianpress.com\/v1\/wp-json\/wp\/v2\/posts\/34760\/revisions\/34762"}],"wp:featuredmedia":[{"embeddable":true,"href":"https:\/\/www.brazilianpress.com\/v1\/wp-json\/wp\/v2\/media\/34761"}],"wp:attachment":[{"href":"https:\/\/www.brazilianpress.com\/v1\/wp-json\/wp\/v2\/media?parent=34760"}],"wp:term":[{"taxonomy":"category","embeddable":true,"href":"https:\/\/www.brazilianpress.com\/v1\/wp-json\/wp\/v2\/categories?post=34760"},{"taxonomy":"post_tag","embeddable":true,"href":"https:\/\/www.brazilianpress.com\/v1\/wp-json\/wp\/v2\/tags?post=34760"}],"curies":[{"name":"wp","href":"https:\/\/api.w.org\/{rel}","templated":true}]}}