{"id":34763,"date":"2018-06-21T13:21:34","date_gmt":"2018-06-21T17:21:34","guid":{"rendered":"http:\/\/www.brazilianpress.com\/v1\/?p=34763"},"modified":"2018-06-21T13:21:34","modified_gmt":"2018-06-21T17:21:34","slug":"centenas-de-criancas-sao-separadas-dos-pais-em-celas-do-texas","status":"publish","type":"post","link":"https:\/\/www.brazilianpress.com\/v1\/2018\/06\/21\/centenas-de-criancas-sao-separadas-dos-pais-em-celas-do-texas\/","title":{"rendered":"Centenas de crian\u00e7as s\u00e3o separadas dos pais em celas do Texas"},"content":{"rendered":"<p>Centenas de crian\u00e7as, filhas de imigrantes, est\u00e3o separadas dos pais em celas nas instala\u00e7\u00f5es da guarda de controle de fronteira no sul do Texas, noticiou a ag\u00eancia AP no domingo (17). Em cada cela h\u00e1 20 ou mais crian\u00e7as, que t\u00eam garrafas de \u00e1gua, pacotes de batatas fritas e grandes folhas de papel como cobertores.<\/p>\n<p>A\u00a0pol\u00edcia da fronteira autorizou os jornalistas a fazerem uma breve visita \u00e0s instala\u00e7\u00f5es onde se encontram adultos e crian\u00e7as, ap\u00f3s terem sido detidos na fronteira com o M\u00e9xico. Cerca de duas mil crian\u00e7as foram retiradas dos seus pais desde que a administra\u00e7\u00e3o do presidente Donald Trump anunciou &#8220;toler\u00e2ncia zero&#8221; \u00e0 entrada de pessoas\u00a0no pa\u00eds sem autoriza\u00e7\u00e3o legal. A guarda de controle de fronteira assegurou que as pessoas detidas t\u00eam refei\u00e7\u00f5es adequadas, acesso a banheiros e\u00a0assist\u00eancia m\u00e9dica.<\/p>\n<p>Em declara\u00e7\u00f5es \u00e0 televis\u00e3o CNN, a diretora de comunica\u00e7\u00e3o da primeira-dama norte-americana disse que Melania Trump &#8220;odeia ver crian\u00e7as separadas das suas fam\u00edlias&#8221; e &#8220;espera que os dois lados do Congresso possam finalmente chegar a um acordo sobre uma reforma da imigra\u00e7\u00e3o bem-sucedida&#8221;.<\/p>\n","protected":false},"excerpt":{"rendered":"<p>Centenas de crian\u00e7as, filhas de imigrantes, est\u00e3o separadas dos pais em celas nas instala\u00e7\u00f5es da guarda de controle de fronteira no sul do Texas, noticiou a ag\u00eancia AP no domingo (17). Em cada cela h\u00e1 20 ou mais crian\u00e7as, que t\u00eam garrafas de \u00e1gua, pacotes de batatas fritas e grandes folhas de papel como cobertores. A\u00a0pol\u00edcia da fronteira autorizou os jornalistas a fazerem uma breve visita \u00e0s instala\u00e7\u00f5es onde se encontram adultos e crian\u00e7as, ap\u00f3s terem sido detidos na fronteira com o M\u00e9xico. Cerca de duas mil crian\u00e7as foram retiradas dos seus pais desde que a administra\u00e7\u00e3o do presidente Donald [&hellip;]<\/p>\n","protected":false},"author":1,"featured_media":34764,"comment_status":"open","ping_status":"open","sticky":false,"template":"","format":"standard","meta":{"_links_to":"","_links_to_target":""},"categories":[3,1,10],"tags":[],"views":1780,"_links":{"self":[{"href":"https:\/\/www.brazilianpress.com\/v1\/wp-json\/wp\/v2\/posts\/34763"}],"collection":[{"href":"https:\/\/www.brazilianpress.com\/v1\/wp-json\/wp\/v2\/posts"}],"about":[{"href":"https:\/\/www.brazilianpress.com\/v1\/wp-json\/wp\/v2\/types\/post"}],"author":[{"embeddable":true,"href":"https:\/\/www.brazilianpress.com\/v1\/wp-json\/wp\/v2\/users\/1"}],"replies":[{"embeddable":true,"href":"https:\/\/www.brazilianpress.com\/v1\/wp-json\/wp\/v2\/comments?post=34763"}],"version-history":[{"count":1,"href":"https:\/\/www.brazilianpress.com\/v1\/wp-json\/wp\/v2\/posts\/34763\/revisions"}],"predecessor-version":[{"id":34765,"href":"https:\/\/www.brazilianpress.com\/v1\/wp-json\/wp\/v2\/posts\/34763\/revisions\/34765"}],"wp:featuredmedia":[{"embeddable":true,"href":"https:\/\/www.brazilianpress.com\/v1\/wp-json\/wp\/v2\/media\/34764"}],"wp:attachment":[{"href":"https:\/\/www.brazilianpress.com\/v1\/wp-json\/wp\/v2\/media?parent=34763"}],"wp:term":[{"taxonomy":"category","embeddable":true,"href":"https:\/\/www.brazilianpress.com\/v1\/wp-json\/wp\/v2\/categories?post=34763"},{"taxonomy":"post_tag","embeddable":true,"href":"https:\/\/www.brazilianpress.com\/v1\/wp-json\/wp\/v2\/tags?post=34763"}],"curies":[{"name":"wp","href":"https:\/\/api.w.org\/{rel}","templated":true}]}}