{"id":34772,"date":"2018-06-21T13:30:15","date_gmt":"2018-06-21T17:30:15","guid":{"rendered":"http:\/\/www.brazilianpress.com\/v1\/?p=34772"},"modified":"2018-06-21T13:30:15","modified_gmt":"2018-06-21T17:30:15","slug":"ice-aumenta-numero-de-prisoes-de-imigrantes-legais-em-new-jersey","status":"publish","type":"post","link":"https:\/\/www.brazilianpress.com\/v1\/2018\/06\/21\/ice-aumenta-numero-de-prisoes-de-imigrantes-legais-em-new-jersey\/","title":{"rendered":"ICE aumenta n\u00famero de pris\u00f5es de imigrantes legais em New Jersey"},"content":{"rendered":"<p>O ICE parece estar aumentando as deten\u00e7\u00f5es de imigrantes que vivem no pa\u00eds mesmo legalmente, dizem os defensores da imigra\u00e7\u00e3o. Em muitos casos, os titulares de green card est\u00e3o sendo presos pelo ICE e deportados por crimes relativamente menores, que foram processados \u200b\u200bh\u00e1 anos.<\/p>\n<p>Muitos dos 91 imigrantes presos na semana passada pelo ICE em New Jersey, eram imigrantes que viviam no pa\u00eds ilegalmente com passados \u200b\u200bviolentos, incluindo supostos membros de gangues, traficantes de drogas e um assassino condenado. Mas alguns dos detidos na batida eram residentes permanentes, legais, com cart\u00f5es verdes v\u00e1lidos, disse Emilio Dabul, porta-voz do escrit\u00f3rio da ICE em Newark. \u201cHavia v\u00e1rios titulares de cart\u00e3o verde entre os presos. Eu n\u00e3o tenho o n\u00famero exato &#8220;, disse Dabul. O porta-voz do ICE disse que as deten\u00e7\u00f5es de imigrantes que vivem no pa\u00eds legalmente n\u00e3o s\u00e3o incomuns em varreduras de imigra\u00e7\u00e3o. \u201c\u00c9 t\u00edpico haver detentores de green cards entre os detidos nesses tipos de opera\u00e7\u00f5es. Isto n\u00e3o \u00e9 algo novo. Qualquer titular de cart\u00e3o verde que tenha violado os termos de manuten\u00e7\u00e3o de um green card, como infringir a lei, pode estar sujeito a pris\u00e3o por remo\u00e7\u00e3o\u201d, disse Dabul.<\/p>\n<p>Grupos de defesa dos direitos dos imigrantes dizem ter visto um pico nos detentores de cart\u00f5es verdes de New Jersey sendo presos e enfrentando deporta\u00e7\u00e3o por condena\u00e7\u00f5es criminais relativamente pequenas de anos ou mesmo d\u00e9cadas atr\u00e1s. Johanna Calle, diretora da Alian\u00e7a de New Jersey para a Justi\u00e7a Imigrante, disse que os defensores da imigra\u00e7\u00e3o est\u00e3o preocupados com a forma como os titulares de cart\u00e3o verde est\u00e3o subitamente no radar do ICE. Muitas pessoas est\u00e3o sendo apanhadas, apesar de representarem pouca amea\u00e7a \u00e0 seguran\u00e7a p\u00fablica. No entanto, sob as administra\u00e7\u00f5es presidenciais passadas, os funcion\u00e1rios da imigra\u00e7\u00e3o t\u00eam geralmente ignorado pequenos problemas com a lei e permitido que os titulares de green card permane\u00e7am no pa\u00eds.<\/p>\n<p>Isso mudou depois da elei\u00e7\u00e3o do presidente Donald Trump. O presidente emitiu novas diretrizes orientando a ICE a expandir seu foco para deportar uma gama mais ampla de imigrantes, incluindo infratores de baixo n\u00edvel e aqueles que vivem no pa\u00eds por d\u00e9cadas. As pris\u00f5es dos agentes do ICE aumentaram em Nova Jersey durante o ano fiscal de 2017, incluindo um grande aumento depois que Trump ampliou a miss\u00e3o do ICE ap\u00f3s sua posse. Houve 3.189 pris\u00f5es do escrit\u00f3rio da ICE em New Jersey naquele ano, um aumento de 42% em compara\u00e7\u00e3o com o ano anterior. Dos detidos, 1.918 tinham antecedentes criminais, segundo uma an\u00e1lise da NJ Advance Media sobre os dados federais. A ICE n\u00e3o revelou quantos dos detidos eram portadores de green card. Os n\u00fameros para 2018 ainda n\u00e3o est\u00e3o dispon\u00edveis.<\/p>\n<p>Em todo o pa\u00eds, as condena\u00e7\u00f5es criminais mais comuns de imigrantes presos pelo ICE em 2017 foram: dirigir sob a influ\u00eancia do \u00e1lcool; possuir ou vender &#8220;drogas perigosas&#8221;; delitos de imigra\u00e7\u00e3o anteriores, como a falsifica\u00e7\u00e3o de reivindica\u00e7\u00f5es de cidadania; infrac\u00e7\u00f5es de tr\u00e2nsito; e assalto, de acordo com estat\u00edsticas federais. Calle, diretor da Alian\u00e7a de Nova Jersey para a Justi\u00e7a Imigrante, disse que \u00e9 poss\u00edvel que tenha havido um aumento no n\u00famero de pris\u00f5es da ICE porque os agentes de imigra\u00e7\u00e3o mudaram a maneira como v\u00e3o atr\u00e1s dos imigrantes e como encontram pessoas com condena\u00e7\u00f5es criminais anteriores.<\/p>\n","protected":false},"excerpt":{"rendered":"<p>O ICE parece estar aumentando as deten\u00e7\u00f5es de imigrantes que vivem no pa\u00eds mesmo legalmente, dizem os defensores da imigra\u00e7\u00e3o. Em muitos casos, os titulares de green card est\u00e3o sendo presos pelo ICE e deportados por crimes relativamente menores, que foram processados \u200b\u200bh\u00e1 anos. Muitos dos 91 imigrantes presos na semana passada pelo ICE em New Jersey, eram imigrantes que viviam no pa\u00eds ilegalmente com passados \u200b\u200bviolentos, incluindo supostos membros de gangues, traficantes de drogas e um assassino condenado. Mas alguns dos detidos na batida eram residentes permanentes, legais, com cart\u00f5es verdes v\u00e1lidos, disse Emilio Dabul, porta-voz do escrit\u00f3rio da [&hellip;]<\/p>\n","protected":false},"author":1,"featured_media":33095,"comment_status":"open","ping_status":"open","sticky":false,"template":"","format":"standard","meta":{"_links_to":"","_links_to_target":""},"categories":[3,1,10],"tags":[],"views":2793,"_links":{"self":[{"href":"https:\/\/www.brazilianpress.com\/v1\/wp-json\/wp\/v2\/posts\/34772"}],"collection":[{"href":"https:\/\/www.brazilianpress.com\/v1\/wp-json\/wp\/v2\/posts"}],"about":[{"href":"https:\/\/www.brazilianpress.com\/v1\/wp-json\/wp\/v2\/types\/post"}],"author":[{"embeddable":true,"href":"https:\/\/www.brazilianpress.com\/v1\/wp-json\/wp\/v2\/users\/1"}],"replies":[{"embeddable":true,"href":"https:\/\/www.brazilianpress.com\/v1\/wp-json\/wp\/v2\/comments?post=34772"}],"version-history":[{"count":1,"href":"https:\/\/www.brazilianpress.com\/v1\/wp-json\/wp\/v2\/posts\/34772\/revisions"}],"predecessor-version":[{"id":34773,"href":"https:\/\/www.brazilianpress.com\/v1\/wp-json\/wp\/v2\/posts\/34772\/revisions\/34773"}],"wp:featuredmedia":[{"embeddable":true,"href":"https:\/\/www.brazilianpress.com\/v1\/wp-json\/wp\/v2\/media\/33095"}],"wp:attachment":[{"href":"https:\/\/www.brazilianpress.com\/v1\/wp-json\/wp\/v2\/media?parent=34772"}],"wp:term":[{"taxonomy":"category","embeddable":true,"href":"https:\/\/www.brazilianpress.com\/v1\/wp-json\/wp\/v2\/categories?post=34772"},{"taxonomy":"post_tag","embeddable":true,"href":"https:\/\/www.brazilianpress.com\/v1\/wp-json\/wp\/v2\/tags?post=34772"}],"curies":[{"name":"wp","href":"https:\/\/api.w.org\/{rel}","templated":true}]}}