{"id":34774,"date":"2018-06-21T14:25:02","date_gmt":"2018-06-21T18:25:02","guid":{"rendered":"http:\/\/www.brazilianpress.com\/v1\/?p=34774"},"modified":"2018-06-21T14:25:02","modified_gmt":"2018-06-21T18:25:02","slug":"inspiracao-em-luis-fabiano-apelido-de-lutador-e-esperanca-da-familia-popo-o-artilheiro-dos-mais-de-100-gols-no-cruzeiro","status":"publish","type":"post","link":"https:\/\/www.brazilianpress.com\/v1\/2018\/06\/21\/inspiracao-em-luis-fabiano-apelido-de-lutador-e-esperanca-da-familia-popo-o-artilheiro-dos-mais-de-100-gols-no-cruzeiro\/","title":{"rendered":"Inspira\u00e7\u00e3o em Lu\u00eds Fabiano, apelido de lutador e esperan\u00e7a da fam\u00edlia: Pop\u00f3, o artilheiro dos mais de 100 gols no Cruzeiro"},"content":{"rendered":"<p>Desde o come\u00e7o da vida, Vin\u00edcius Santana da Silva aprendeu a utilizar bem o apelido que ganhou na inf\u00e2ncia: lutar, assim como quem inspirou seu apelido por dias melhores a ele e \u00e0 fam\u00edlia. Apelidado de Pop\u00f3 na inf\u00e2ncia, por causa do lutador brasileiro Acelino &#8220;Pop\u00f3&#8221; Freitas, o jovem atacante cruzeirense de 17 anos vem passando por cima das poss\u00edveis adversidades dentro de campo. Como? Com gols. Ele j\u00e1 tem 105 marcados com a camisa cruzeirense, o que gerou uma promo\u00e7\u00e3o \u00e0 categoria sub-20, por onde tamb\u00e9m j\u00e1 deixou sua marca.<\/p>\n<p>Pop\u00f3 j\u00e1 \u00e9 conhecido de todos nas categorias de base. E tamb\u00e9m dos advers\u00e1rios. Antes do jogo contra o Vasco, no Mineir\u00e3o, neste m\u00eas, foi homenageado pelo Cruzeiro por chegar aos 100 gols na base, marca atingida na goleada celeste por 6 a 0 sobre o Novos Horizontes, pela segunda rodada do Mineiro Sub-17, em abril.<\/p>\n<p>&#8211; Eles ficam me chamando de homem-gol, homem dos 100 gols. \u00c9 muito legal esse carinho. Os advers\u00e1rios j\u00e1 me conhecem tamb\u00e9m. Sabem que, se bobear, eu fa\u00e7o gol mesmo &#8211; afirma o jogador em conversa com o\u00a0GloboEsporte.com.<\/p>\n<p><strong>Sabem que, se bobear, eu fa\u00e7o gol mesmo<\/strong><\/p>\n<p>Pop\u00f3 explicou o motivo do apelido, muito por causa do seu corpanzil e fisionomia quandro era crian\u00e7a. Na \u00e9poca em que Vin\u00edcius nasceu, o lutador, campe\u00e3o mundial em 1999, j\u00e1 fazia muito sucesso.<\/p>\n<p>&#8211; Quem meu deu esse apelido foi um colega do meu pai, Silvinho. Quando eu tinha tr\u00eas anos, ele me chamou de Pop\u00f3, quando o Acelino Pop\u00f3 era famoso. A\u00ed foi pegando. E eu fui gostando. Colocou porque eu era fortinho, gordinho, achou que eu parecia um pouquinho. Gosto do apelido e espero fazer esse nome, levar para o futebol e fazer muitos gols.<\/p>\n<p>Por causa dos gols marcados na base, Pop\u00f3, mesmo com 17 anos, j\u00e1 foi chamado para ajudar no sub-20 cruzeirense. J\u00e1 foram tr\u00eas jogos na temporada, com dois gols marcados, sendo que um foi feito na vit\u00f3ria por 2 a 1 sobre o Am\u00e9rica-MG, quando estreou.<\/p>\n<p>&#8211; Estou muito feliz por ter subido, pelo Ricardo\u00a0(Resende, treinador do sub-20 do Cruzeiro)\u00a0ter gostado do meu trabalho. Espero continuar ajudando ele com os gols. Trabalhar para ser titular, fazer muitos gols, ajudar o sub-20, sub-17, ajudar com gols e assist\u00eancia para, quando chegar minha hora, tamb\u00e9m poder ajudar no profissional &#8211; plana o jogador.<\/p>\n<p>CR7? Messi? Neymar?<br \/>\nQual destes craques inspirada o jogador do Cruzeiro? Nenhum dos tr\u00eas. A inspira\u00e7\u00e3o de Vin\u00edcius \u00e9 Lu\u00eds Fabiano. O atacante que fez hist\u00f3ria pelo S\u00e3o Paulo e foi titular da Sele\u00e7\u00e3o na Copa de 2010, na \u00c1frica do Sul, \u00e9 quem Pop\u00f3 mais gosta entre aqueles que atuam na posi\u00e7\u00e3o em que joga.<\/p>\n<p>&#8211; Eu me inspiro no Lu\u00eds Fabiano, que jogava no S\u00e3o Paulo. Gosto bastante dele, porque faz o piv\u00f4, bem ligeiro na \u00e1rea e tamb\u00e9m tem a caracter\u00edstica de fazer gol. \u00c9 um cara que me agrada bastante.<\/p>\n<p>Esperan\u00e7a da fam\u00edlia<br \/>\nVin\u00edcius chegou ao Cruzeiro em 2014, vindo de S\u00e3o Jos\u00e9 do Rio Preto-SP. \u00c9 a esperan\u00e7a para a fam\u00edlia de dias melhores. A m\u00e3e Cristina de Souza, junto com o irm\u00e3o, veio para Belo Horizonte h\u00e1 dois anos. Os dois acompanham, agora de perto, os passos do garoto. Com dificuldades de encontrar emprego na capital mineira, ela trabalha na entrada da Toca da Raposa I, local de treinos do filho, vendendo a\u00e7a\u00ed.<\/p>\n<p>&#8211; Vendo o a\u00e7a\u00ed, junto do Cabelo (outro vendedo na porta da Toca I). Como est\u00e1 dif\u00edcil de arrumar servi\u00e7o, fico vendendo aqui. Aqui estou mais perto dele e d\u00e1 para acompanhar mais os jogos quando os hor\u00e1rios combinam. Estes meses n\u00e3o estou acompanhando muito bem, devido ao a\u00e7a\u00ed, mas \u00e9 um orgulho. Naturalmente, sou muito orgulhosa dele. No momento, n\u00e3o estamos em uma situa\u00e7\u00e3o boa financeiramente, ent\u00e3o \u00e0s vezes n\u00e3o d\u00e1 para acompanhar &#8211; lamenta a m\u00e3e.<\/p>\n","protected":false},"excerpt":{"rendered":"<p>Desde o come\u00e7o da vida, Vin\u00edcius Santana da Silva aprendeu a utilizar bem o apelido que ganhou na inf\u00e2ncia: lutar, assim como quem inspirou seu apelido por dias melhores a ele e \u00e0 fam\u00edlia. Apelidado de Pop\u00f3 na inf\u00e2ncia, por causa do lutador brasileiro Acelino &#8220;Pop\u00f3&#8221; Freitas, o jovem atacante cruzeirense de 17 anos vem passando por cima das poss\u00edveis adversidades dentro de campo. Como? Com gols. Ele j\u00e1 tem 105 marcados com a camisa cruzeirense, o que gerou uma promo\u00e7\u00e3o \u00e0 categoria sub-20, por onde tamb\u00e9m j\u00e1 deixou sua marca. Pop\u00f3 j\u00e1 \u00e9 conhecido de todos nas categorias de [&hellip;]<\/p>\n","protected":false},"author":1,"featured_media":34775,"comment_status":"open","ping_status":"open","sticky":false,"template":"","format":"standard","meta":{"_links_to":"","_links_to_target":""},"categories":[9,1],"tags":[],"views":1692,"_links":{"self":[{"href":"https:\/\/www.brazilianpress.com\/v1\/wp-json\/wp\/v2\/posts\/34774"}],"collection":[{"href":"https:\/\/www.brazilianpress.com\/v1\/wp-json\/wp\/v2\/posts"}],"about":[{"href":"https:\/\/www.brazilianpress.com\/v1\/wp-json\/wp\/v2\/types\/post"}],"author":[{"embeddable":true,"href":"https:\/\/www.brazilianpress.com\/v1\/wp-json\/wp\/v2\/users\/1"}],"replies":[{"embeddable":true,"href":"https:\/\/www.brazilianpress.com\/v1\/wp-json\/wp\/v2\/comments?post=34774"}],"version-history":[{"count":1,"href":"https:\/\/www.brazilianpress.com\/v1\/wp-json\/wp\/v2\/posts\/34774\/revisions"}],"predecessor-version":[{"id":34776,"href":"https:\/\/www.brazilianpress.com\/v1\/wp-json\/wp\/v2\/posts\/34774\/revisions\/34776"}],"wp:featuredmedia":[{"embeddable":true,"href":"https:\/\/www.brazilianpress.com\/v1\/wp-json\/wp\/v2\/media\/34775"}],"wp:attachment":[{"href":"https:\/\/www.brazilianpress.com\/v1\/wp-json\/wp\/v2\/media?parent=34774"}],"wp:term":[{"taxonomy":"category","embeddable":true,"href":"https:\/\/www.brazilianpress.com\/v1\/wp-json\/wp\/v2\/categories?post=34774"},{"taxonomy":"post_tag","embeddable":true,"href":"https:\/\/www.brazilianpress.com\/v1\/wp-json\/wp\/v2\/tags?post=34774"}],"curies":[{"name":"wp","href":"https:\/\/api.w.org\/{rel}","templated":true}]}}