{"id":34777,"date":"2018-06-21T14:26:20","date_gmt":"2018-06-21T18:26:20","guid":{"rendered":"http:\/\/www.brazilianpress.com\/v1\/?p=34777"},"modified":"2018-06-21T14:26:20","modified_gmt":"2018-06-21T18:26:20","slug":"bem-adaptado-tomas-andrade-recebe-reforcos-sul-americanos-e-lamenta-parada","status":"publish","type":"post","link":"https:\/\/www.brazilianpress.com\/v1\/2018\/06\/21\/bem-adaptado-tomas-andrade-recebe-reforcos-sul-americanos-e-lamenta-parada\/","title":{"rendered":"Bem adaptado, Tom\u00e1s Andrade recebe refor\u00e7os sul-americanos e lamenta parada"},"content":{"rendered":"<p>Os tr\u00eas \u00faltimos jogos antes da pausa do Campeonato Brasileiro elevaram o moral de Tom\u00e1s Andrade no Atl\u00e9tico-MG. Contra Am\u00e9rica-MG e Fluminense, o meia marcou seus dois primeiros gols como jogador profissional. Contra o Cear\u00e1, foi titular e esteve em campo durante os 90 minutos da virada dram\u00e1tica. Quando vivia seu melhor momento desde que chegou no Galo, o Brasileir\u00e3o parou para a Copa.<\/p>\n<p>Tom\u00e1s Andrade, quando voltar aos treinamentos, na segunda-feira, ter\u00e1 a companhia de mais dois estrangeiros. Se o Galo j\u00e1 tinha ele e o equatoriano Cazares, ser\u00e1 refor\u00e7ado pelos meias Char\u00e1, da Col\u00f4mbia, e David Terans, do Uruguai. O meia argentino revela que o bom n\u00edvel jogado no futebol brasileiro atrai os jogadores sul-americanos e torce para uma r\u00e1pida adapta\u00e7\u00e3o dos novos companheiros.<\/p>\n<h3 style=\"padding-left: 60px;\"><em>&#8220;Estava conversando com eles no vesti\u00e1rio, dando as boas-vindas para eles. O futebol brasileiro \u00e9 muito bonito de jogar, todo mundo quer jogar no Brasileir\u00e3o. Espero que eles se adaptem r\u00e1pido e possam nos ajudar muito.&#8221;<\/em><\/h3>\n<p>Tom\u00e1s Andrade lamentou a parada da Copa come\u00e7ar justamente quando vivia seu melhor momento com a camisa atleticana. Na Argentina, ele aproveita para descansar um pouco e curtir a fam\u00edlia. &#8211; Chegou justo na minha sequ\u00eancia de jogo, estava entrosando bem com o time e jogando 90 minutos. O futebol \u00e9 assim. Vou para a Argentina, curtir a fam\u00edlia, os amigos e voltar com energia renovada. A partir do dia 25 come\u00e7ar de novo e jogar o que falta. Pelo Atl\u00e9tico-MG, Tom\u00e1s Andrade acumula 19 jogos, dois gols marcados e duas assist\u00eancias, em um total de 764 minutos na temporada 2018.<\/p>\n","protected":false},"excerpt":{"rendered":"<p>Os tr\u00eas \u00faltimos jogos antes da pausa do Campeonato Brasileiro elevaram o moral de Tom\u00e1s Andrade no Atl\u00e9tico-MG. Contra Am\u00e9rica-MG e Fluminense, o meia marcou seus dois primeiros gols como jogador profissional. Contra o Cear\u00e1, foi titular e esteve em campo durante os 90 minutos da virada dram\u00e1tica. Quando vivia seu melhor momento desde que chegou no Galo, o Brasileir\u00e3o parou para a Copa. Tom\u00e1s Andrade, quando voltar aos treinamentos, na segunda-feira, ter\u00e1 a companhia de mais dois estrangeiros. Se o Galo j\u00e1 tinha ele e o equatoriano Cazares, ser\u00e1 refor\u00e7ado pelos meias Char\u00e1, da Col\u00f4mbia, e David Terans, do [&hellip;]<\/p>\n","protected":false},"author":1,"featured_media":34778,"comment_status":"open","ping_status":"open","sticky":false,"template":"","format":"standard","meta":{"_links_to":"","_links_to_target":""},"categories":[9,1],"tags":[],"views":1426,"_links":{"self":[{"href":"https:\/\/www.brazilianpress.com\/v1\/wp-json\/wp\/v2\/posts\/34777"}],"collection":[{"href":"https:\/\/www.brazilianpress.com\/v1\/wp-json\/wp\/v2\/posts"}],"about":[{"href":"https:\/\/www.brazilianpress.com\/v1\/wp-json\/wp\/v2\/types\/post"}],"author":[{"embeddable":true,"href":"https:\/\/www.brazilianpress.com\/v1\/wp-json\/wp\/v2\/users\/1"}],"replies":[{"embeddable":true,"href":"https:\/\/www.brazilianpress.com\/v1\/wp-json\/wp\/v2\/comments?post=34777"}],"version-history":[{"count":1,"href":"https:\/\/www.brazilianpress.com\/v1\/wp-json\/wp\/v2\/posts\/34777\/revisions"}],"predecessor-version":[{"id":34779,"href":"https:\/\/www.brazilianpress.com\/v1\/wp-json\/wp\/v2\/posts\/34777\/revisions\/34779"}],"wp:featuredmedia":[{"embeddable":true,"href":"https:\/\/www.brazilianpress.com\/v1\/wp-json\/wp\/v2\/media\/34778"}],"wp:attachment":[{"href":"https:\/\/www.brazilianpress.com\/v1\/wp-json\/wp\/v2\/media?parent=34777"}],"wp:term":[{"taxonomy":"category","embeddable":true,"href":"https:\/\/www.brazilianpress.com\/v1\/wp-json\/wp\/v2\/categories?post=34777"},{"taxonomy":"post_tag","embeddable":true,"href":"https:\/\/www.brazilianpress.com\/v1\/wp-json\/wp\/v2\/tags?post=34777"}],"curies":[{"name":"wp","href":"https:\/\/api.w.org\/{rel}","templated":true}]}}