{"id":34783,"date":"2018-06-21T14:43:36","date_gmt":"2018-06-21T18:43:36","guid":{"rendered":"http:\/\/www.brazilianpress.com\/v1\/?p=34783"},"modified":"2018-06-21T14:43:36","modified_gmt":"2018-06-21T18:43:36","slug":"hungria-aprova-lei-que-criminaliza-ajuda-a-imigrantes-ilegais","status":"publish","type":"post","link":"https:\/\/www.brazilianpress.com\/v1\/2018\/06\/21\/hungria-aprova-lei-que-criminaliza-ajuda-a-imigrantes-ilegais\/","title":{"rendered":"Hungria aprova lei que criminaliza ajuda a imigrantes ilegais"},"content":{"rendered":"<p>O Parlamento da\u00a0Hungria\u00a0aprovou ontem (quarta-feira 20), uma pol\u00eamica lei que castiga com at\u00e9 um ano de pris\u00e3o as pessoas que ajudarem imigrantes em situa\u00e7\u00e3o irregular, entre os quais est\u00e3o refugiados e solicitantes de asilo.<\/p>\n<p>A maioria do partido governante, o Fidesz, dirigido pelo primeiro-ministro nacionalista Viktor Orb\u00e1n, apoiou a legisla\u00e7\u00e3o apesar das cr\u00edticas e das solicita\u00e7\u00f5es, por parte organiza\u00e7\u00f5es humanit\u00e1rias h\u00fangaras e estrangeiras, para que retirasse o projeto de lei.<\/p>\n<p>A pol\u00eamica lei que afeta v\u00e1rias ONGs do pa\u00eds foi aprovada no Dia Mundial do Refugiado, que a Organiza\u00e7\u00e3o das Na\u00e7\u00f5es Unidas (ONU) celebra desde 2001.<\/p>\n<p>Junto a esta lei, o Parlamento tamb\u00e9m aprovou uma emenda constitucional contra o sistema europeu de realoca\u00e7\u00e3o de refugiados entre os pa\u00edses da Uni\u00e3o Europeia (UE).<\/p>\n<p>Para aprovar ambos projetos de lei era preciso a maioria absoluta de dois ter\u00e7os com a qual conta o Fidesz, mas a extrema direita do Jobbik tamb\u00e9m respaldou as medidas, enquanto a oposi\u00e7\u00e3o esquerdista e ecologista se op\u00f4s ou n\u00e3o participou da vota\u00e7\u00e3o.<\/p>\n<p>A pol\u00eamica lei que penaliza a ajuda aos imigrantes irregulares foi criticada severamente por diferentes organiza\u00e7\u00f5es h\u00fangaras e internacionais.<\/p>\n<p>A Comiss\u00e3o de Veneza pediu anteontem que fosse adiada a aprova\u00e7\u00e3o da lei at\u00e9 que pudesse redigir suas observa\u00e7\u00f5es, mas a maioria governamental rejeitou a solicita\u00e7\u00e3o deste \u00f3rg\u00e3o consultivo do Conselho da Europa.<\/p>\n<p>As emendas constitucionais aprovadas hoje pro\u00edbem o assentamento de cidad\u00e3os n\u00e3o h\u00fangaros na\u00a0Hungria\u00a0&#8211; com exce\u00e7\u00e3o dos europeus -, e tamb\u00e9m declara que a composi\u00e7\u00e3o da popula\u00e7\u00e3o do pa\u00eds n\u00e3o pode ser modificada &#8220;mediante uma vontade externa&#8221;. (ABr)<\/p>\n","protected":false},"excerpt":{"rendered":"<p>O Parlamento da\u00a0Hungria\u00a0aprovou ontem (quarta-feira 20), uma pol\u00eamica lei que castiga com at\u00e9 um ano de pris\u00e3o as pessoas que ajudarem imigrantes em situa\u00e7\u00e3o irregular, entre os quais est\u00e3o refugiados e solicitantes de asilo. A maioria do partido governante, o Fidesz, dirigido pelo primeiro-ministro nacionalista Viktor Orb\u00e1n, apoiou a legisla\u00e7\u00e3o apesar das cr\u00edticas e das solicita\u00e7\u00f5es, por parte organiza\u00e7\u00f5es humanit\u00e1rias h\u00fangaras e estrangeiras, para que retirasse o projeto de lei. A pol\u00eamica lei que afeta v\u00e1rias ONGs do pa\u00eds foi aprovada no Dia Mundial do Refugiado, que a Organiza\u00e7\u00e3o das Na\u00e7\u00f5es Unidas (ONU) celebra desde 2001. Junto a esta lei, [&hellip;]<\/p>\n","protected":false},"author":1,"featured_media":34784,"comment_status":"open","ping_status":"open","sticky":false,"template":"","format":"standard","meta":{"_links_to":"","_links_to_target":""},"categories":[8,1],"tags":[],"views":1794,"_links":{"self":[{"href":"https:\/\/www.brazilianpress.com\/v1\/wp-json\/wp\/v2\/posts\/34783"}],"collection":[{"href":"https:\/\/www.brazilianpress.com\/v1\/wp-json\/wp\/v2\/posts"}],"about":[{"href":"https:\/\/www.brazilianpress.com\/v1\/wp-json\/wp\/v2\/types\/post"}],"author":[{"embeddable":true,"href":"https:\/\/www.brazilianpress.com\/v1\/wp-json\/wp\/v2\/users\/1"}],"replies":[{"embeddable":true,"href":"https:\/\/www.brazilianpress.com\/v1\/wp-json\/wp\/v2\/comments?post=34783"}],"version-history":[{"count":1,"href":"https:\/\/www.brazilianpress.com\/v1\/wp-json\/wp\/v2\/posts\/34783\/revisions"}],"predecessor-version":[{"id":34785,"href":"https:\/\/www.brazilianpress.com\/v1\/wp-json\/wp\/v2\/posts\/34783\/revisions\/34785"}],"wp:featuredmedia":[{"embeddable":true,"href":"https:\/\/www.brazilianpress.com\/v1\/wp-json\/wp\/v2\/media\/34784"}],"wp:attachment":[{"href":"https:\/\/www.brazilianpress.com\/v1\/wp-json\/wp\/v2\/media?parent=34783"}],"wp:term":[{"taxonomy":"category","embeddable":true,"href":"https:\/\/www.brazilianpress.com\/v1\/wp-json\/wp\/v2\/categories?post=34783"},{"taxonomy":"post_tag","embeddable":true,"href":"https:\/\/www.brazilianpress.com\/v1\/wp-json\/wp\/v2\/tags?post=34783"}],"curies":[{"name":"wp","href":"https:\/\/api.w.org\/{rel}","templated":true}]}}