{"id":34786,"date":"2018-06-21T14:45:18","date_gmt":"2018-06-21T18:45:18","guid":{"rendered":"http:\/\/www.brazilianpress.com\/v1\/?p=34786"},"modified":"2018-06-21T14:45:18","modified_gmt":"2018-06-21T18:45:18","slug":"brasileiros-assaltam-quartel-da-policia-boliviana-na-fronteira-do-acre","status":"publish","type":"post","link":"https:\/\/www.brazilianpress.com\/v1\/2018\/06\/21\/brasileiros-assaltam-quartel-da-policia-boliviana-na-fronteira-do-acre\/","title":{"rendered":"Brasileiros assaltam quartel da pol\u00edcia boliviana na fronteira do Acre"},"content":{"rendered":"<p>Sete brasileiros assaltaram na noite de s\u00e1bado (16) um quartel da Pol\u00edcia Nacional da Bol\u00edvia na cidade de Porvenir, a cerca de 30 km da cidade de Cobija, que fica na fronteira com o Acre. Segundo informa\u00e7\u00f5es dos policiais bolivianos, os bandidos portavam sete fuzis AK 47, cinco pistolas 9 mm e fugiram em motos por uma estrada de terra que acompanha a fronteira entre os pa\u00edses. Houve troca de tiros e dois policiais bolivianos foram feridos. A Pol\u00edcia Federal do Acre suspeita que a a\u00e7\u00e3o tenha partido de uma fac\u00e7\u00e3o criminosa.<\/p>\n<p>Duas motos que podem ter sido usadas na a\u00e7\u00e3o foram apreendidas. A PF colabora na investiga\u00e7\u00e3o. Peritos de Rio Branco foram enviados a Epitaciol\u00e2ndia, na fronteira, para analisar as digitais nas motos. A fronteira entre Cobija, na Bol\u00edvia, e as cidades de Brasil\u00e9ia e Epitaciol\u00e2ndia, no Acre, \u00e9 de livre circula\u00e7\u00e3o. Al\u00e9m de for\u00e7as de seguran\u00e7a bolivianas, a Pol\u00edcia Federal e a Receita Federal atuam na fronteira. A PF tem uma delegacia em Epitaciol\u00e2ndia.<\/p>\n<p>O governador do Acre, Ti\u00e3o Viana (PT), afirmou que a omiss\u00e3o do governo federal na regi\u00e3o trouxe um ambiente de guerra civil e provocar\u00e1 uma trag\u00e9dia. &#8220;Grupos poderosos com muitas armas, milhares de jovens recrutados pelo poder financeiro da droga, enquanto ao nosso lado, comunidades de bem, defendidas quase exclusivamente por a\u00e7\u00f5es firmes de poucos governos estaduais com suas bravas pol\u00edcias. [&#8230;] Pol\u00edcias da Uni\u00e3o s\u00e3o parceiras, mas completamente insuficientes no controle das fronteiras livres&#8221;, afirmou. Na semana passada, uma delegacia da Pol\u00edcia Civil em Brasil\u00e9ia foi assaltada, mas as armas foram recuperadas. &#8220;\u00c9 algo que nos preocupa. N\u00e3o \u00e9 comum que os \u00f3rg\u00e3os policiais sejam objeto de ataque&#8221;, disse a superintendente da PF no Acre, delegada Diana Calazan.<\/p>\n","protected":false},"excerpt":{"rendered":"<p>Sete brasileiros assaltaram na noite de s\u00e1bado (16) um quartel da Pol\u00edcia Nacional da Bol\u00edvia na cidade de Porvenir, a cerca de 30 km da cidade de Cobija, que fica na fronteira com o Acre. Segundo informa\u00e7\u00f5es dos policiais bolivianos, os bandidos portavam sete fuzis AK 47, cinco pistolas 9 mm e fugiram em motos por uma estrada de terra que acompanha a fronteira entre os pa\u00edses. Houve troca de tiros e dois policiais bolivianos foram feridos. A Pol\u00edcia Federal do Acre suspeita que a a\u00e7\u00e3o tenha partido de uma fac\u00e7\u00e3o criminosa. Duas motos que podem ter sido usadas na [&hellip;]<\/p>\n","protected":false},"author":1,"featured_media":34787,"comment_status":"open","ping_status":"open","sticky":false,"template":"","format":"standard","meta":{"_links_to":"","_links_to_target":""},"categories":[8,1],"tags":[],"views":2156,"_links":{"self":[{"href":"https:\/\/www.brazilianpress.com\/v1\/wp-json\/wp\/v2\/posts\/34786"}],"collection":[{"href":"https:\/\/www.brazilianpress.com\/v1\/wp-json\/wp\/v2\/posts"}],"about":[{"href":"https:\/\/www.brazilianpress.com\/v1\/wp-json\/wp\/v2\/types\/post"}],"author":[{"embeddable":true,"href":"https:\/\/www.brazilianpress.com\/v1\/wp-json\/wp\/v2\/users\/1"}],"replies":[{"embeddable":true,"href":"https:\/\/www.brazilianpress.com\/v1\/wp-json\/wp\/v2\/comments?post=34786"}],"version-history":[{"count":1,"href":"https:\/\/www.brazilianpress.com\/v1\/wp-json\/wp\/v2\/posts\/34786\/revisions"}],"predecessor-version":[{"id":34788,"href":"https:\/\/www.brazilianpress.com\/v1\/wp-json\/wp\/v2\/posts\/34786\/revisions\/34788"}],"wp:featuredmedia":[{"embeddable":true,"href":"https:\/\/www.brazilianpress.com\/v1\/wp-json\/wp\/v2\/media\/34787"}],"wp:attachment":[{"href":"https:\/\/www.brazilianpress.com\/v1\/wp-json\/wp\/v2\/media?parent=34786"}],"wp:term":[{"taxonomy":"category","embeddable":true,"href":"https:\/\/www.brazilianpress.com\/v1\/wp-json\/wp\/v2\/categories?post=34786"},{"taxonomy":"post_tag","embeddable":true,"href":"https:\/\/www.brazilianpress.com\/v1\/wp-json\/wp\/v2\/tags?post=34786"}],"curies":[{"name":"wp","href":"https:\/\/api.w.org\/{rel}","templated":true}]}}