{"id":34789,"date":"2018-06-21T14:48:48","date_gmt":"2018-06-21T18:48:48","guid":{"rendered":"http:\/\/www.brazilianpress.com\/v1\/?p=34789"},"modified":"2018-06-21T14:48:48","modified_gmt":"2018-06-21T18:48:48","slug":"maggi-vai-tratar-de-embargo-a-carne-brasileira-com-russia-e-china","status":"publish","type":"post","link":"https:\/\/www.brazilianpress.com\/v1\/2018\/06\/21\/maggi-vai-tratar-de-embargo-a-carne-brasileira-com-russia-e-china\/","title":{"rendered":"Maggi vai tratar de embargo \u00e0 carne brasileira com R\u00fassia e China"},"content":{"rendered":"<p>A\u00a0caminho de\u00a0Johanesburgo, na \u00c1frica do Sul,\u00a0o ministro da Agricultura, Blairo Maggi aposta nas conversas preparat\u00f3rias da\u00a010\u00aa C\u00fapula do Brics\u00a0&#8211;\u00a0grupo que re\u00fane Brasil, R\u00fassia, \u00cdndia, China e \u00c1frica do Sul,- para dar mais um passo na dire\u00e7\u00e3o do fim do embargo russo \u00e0 carne su\u00edna e bovina do Brasil. As restri\u00e7\u00f5es anunciadas sob argumento de que haviam sido encontradas subst\u00e2ncias como estimulantes nos produtos brasileiros exportados para a R\u00fassia j\u00e1 duram quase seis meses.<\/p>\n<p>\u201cTodos os pleitos da R\u00fassia foram atendidos e est\u00e3o vigentes\u201d, afirmou o ministro ontem (quarta-feira 20), minutos antes do embarque para S\u00e3o Paulo, de onde seguir\u00e1 para o continente africano. Maggi admitiu que n\u00e3o ser\u00e1 a esfera ministerial da reuni\u00e3o dos Brics que solucionar\u00e1 problemas relacionados \u00e0 sua pasta, mas disse estar otimista de que os di\u00e1logos podem avan\u00e7ar para que esses impasses sejam dissolvidos no momento em que os chefes de Estados sentarem \u00e0 mesa de negocia\u00e7\u00f5es.<\/p>\n<p>Outra frente que Maggi pretende enfrentar durante as reuni\u00f5es preparat\u00f3rias tem como alvo\u00a0os\u00a0representantes\u00a0do governo chin\u00eas. Otimista, o ministro disse acreditar em uma solu\u00e7\u00e3o pr\u00f3xima para a\u00a0sobretaxa\u00a0imposta ao frango brasileiro no in\u00edcio deste m\u00eas.<\/p>\n<p>Nos pr\u00f3ximos dias, t\u00e9cnicos chineses chegam ao Brasil, em uma miss\u00e3o para avaliar n\u00fameros, e devem visitar tr\u00eas plantas de produ\u00e7\u00e3o brasileira. \u201cEles alegam que fizemos dumping, usando pre\u00e7os mais baixos de produ\u00e7\u00e3o, o que n\u00e3o \u00e9 verdadeiro. O Brasil \u00e9 um pa\u00eds muito competitivo com produ\u00e7\u00e3o de farelo e milho\u201d, explicou. Maggi admitiu que o Brasil precisa adotar uma \u201cmaior no\u00e7\u00e3o de mercado\u201d. \u201cN\u00e3o adianta a gente abrir mercado e desestrutura as cadeias locais\u201d, completou.<\/p>\n<p>Guerra comercial<br \/>\nMaggi disse que o governo brasileiro n\u00e3o tem como interferir na disputa comercial iniciada pelos Estados Unidos, quando anunciou a sobretaxa\u00e7\u00e3o de produtos da China e de pa\u00edses da Uni\u00e3o Europeia. O ministro admitiu que, em um primeiro momento, o Brasil pode at\u00e9 ganhar com a situa\u00e7\u00e3o, mas a expectativa \u00e9 a de que esse cen\u00e1rio prejudique outras vari\u00e1veis da produ\u00e7\u00e3o.<\/p>\n<p>Com a sobretaxa sobre a soja, que \u00e9 regulada pela Bolsa de Chicago, os pre\u00e7os do produto caem em todo o mundo. \u201cTer\u00e3o que pagar um pr\u00eamio para buscar a soja brasileira que compensa um pouco, mas somos um grande fornecedor de gr\u00e3os para a China. No momento em que \u00e9 melhor vender o gr\u00e3o, as empresas param de fazer a moagem\u00a0e\u00a0perdemos mercado mundial de farelo\u201d,\u00a0explicou.<\/p>\n<p>O reflexo esperado \u00e9 o encarecimento da ra\u00e7\u00e3o que \u00e9 a base da produ\u00e7\u00e3o animal\u00a0nacional\u00a0de frangos e su\u00ednos. \u201cPara mim, s\u00f3 temos a perder nisso. Daqui a uns anos, China e EUA voltam a se acertar, ganham novamente o mercado de soja e n\u00f3s j\u00e1 perdemos o mercado de farelo e competitividade na \u00e1rea animal\u201d,\u00a0acrescentou.<\/p>\n<p>Feij\u00e3o<br \/>\nAs declara\u00e7\u00f5es de Maggi foram dadas depois do lan\u00e7amento do primeiro plano nacional criado para a cadeia do feij\u00e3o brasileiro e de pulses, que inclu\u00ed mais de 10 cultivares como lentilha, gr\u00e3o-de-bico e ervilha. O Brasil \u00e9 o maior produtor de feij\u00e3o do mundo, com resultados anuais m\u00e9dios de produ\u00e7\u00e3o de 3 milh\u00f5es de toneladas do gr\u00e3o. Pela primeira vez, produtores dessas leguminosas e o governo sentaram para tentar organizar a cadeia e intensificar os n\u00fameros.<\/p>\n<p>No documento lan\u00e7ado\u00a0hoje, ficaram definidas metas para o setor que, atualmente, atende basicamente ao consumo interno. Neste contexto, os produtores querem criar mecanismos para aumentar em 5kg o consumo per capita interno, que\u00a0hoje\u00a0\u00e9 de cerca de 16kg anuais. Outras metas t\u00eam foco no mercado externo e, mais especificamente, asi\u00e1tico. Al\u00e9m de tentar ampliar para o patamar de 500 mil toneladas anuais a produ\u00e7\u00e3o destinada \u00e0 exporta\u00e7\u00e3o \u2013 atualmente em torno de 106,3 mil toneladas \u2013 o Brasil pode aproveitar a demanda crescente por pulses para buscar um lugar de destaque nesse tipo de cultivo.<\/p>\n<p>\u201cA \u00cdndia fala que\u00a0ter\u00e1 uma demanda em torno de 30 milh\u00f5es de toneladas nos pr\u00f3ximos 30 anos. Isto significa uma \u00e1rea, no Brasil, em torno de 10 milh\u00f5es de hectares semeados. Isto \u00e9 renda para o produtor e oportunidade de termos uma diversifica\u00e7\u00e3o do que j\u00e1 temos\u201d, disse Maggi.<\/p>\n","protected":false},"excerpt":{"rendered":"<p>A\u00a0caminho de\u00a0Johanesburgo, na \u00c1frica do Sul,\u00a0o ministro da Agricultura, Blairo Maggi aposta nas conversas preparat\u00f3rias da\u00a010\u00aa C\u00fapula do Brics\u00a0&#8211;\u00a0grupo que re\u00fane Brasil, R\u00fassia, \u00cdndia, China e \u00c1frica do Sul,- para dar mais um passo na dire\u00e7\u00e3o do fim do embargo russo \u00e0 carne su\u00edna e bovina do Brasil. As restri\u00e7\u00f5es anunciadas sob argumento de que haviam sido encontradas subst\u00e2ncias como estimulantes nos produtos brasileiros exportados para a R\u00fassia j\u00e1 duram quase seis meses. \u201cTodos os pleitos da R\u00fassia foram atendidos e est\u00e3o vigentes\u201d, afirmou o ministro ontem (quarta-feira 20), minutos antes do embarque para S\u00e3o Paulo, de onde seguir\u00e1 para [&hellip;]<\/p>\n","protected":false},"author":1,"featured_media":34790,"comment_status":"open","ping_status":"open","sticky":false,"template":"","format":"standard","meta":{"_links_to":"","_links_to_target":""},"categories":[7,1],"tags":[],"views":1538,"_links":{"self":[{"href":"https:\/\/www.brazilianpress.com\/v1\/wp-json\/wp\/v2\/posts\/34789"}],"collection":[{"href":"https:\/\/www.brazilianpress.com\/v1\/wp-json\/wp\/v2\/posts"}],"about":[{"href":"https:\/\/www.brazilianpress.com\/v1\/wp-json\/wp\/v2\/types\/post"}],"author":[{"embeddable":true,"href":"https:\/\/www.brazilianpress.com\/v1\/wp-json\/wp\/v2\/users\/1"}],"replies":[{"embeddable":true,"href":"https:\/\/www.brazilianpress.com\/v1\/wp-json\/wp\/v2\/comments?post=34789"}],"version-history":[{"count":1,"href":"https:\/\/www.brazilianpress.com\/v1\/wp-json\/wp\/v2\/posts\/34789\/revisions"}],"predecessor-version":[{"id":34791,"href":"https:\/\/www.brazilianpress.com\/v1\/wp-json\/wp\/v2\/posts\/34789\/revisions\/34791"}],"wp:featuredmedia":[{"embeddable":true,"href":"https:\/\/www.brazilianpress.com\/v1\/wp-json\/wp\/v2\/media\/34790"}],"wp:attachment":[{"href":"https:\/\/www.brazilianpress.com\/v1\/wp-json\/wp\/v2\/media?parent=34789"}],"wp:term":[{"taxonomy":"category","embeddable":true,"href":"https:\/\/www.brazilianpress.com\/v1\/wp-json\/wp\/v2\/categories?post=34789"},{"taxonomy":"post_tag","embeddable":true,"href":"https:\/\/www.brazilianpress.com\/v1\/wp-json\/wp\/v2\/tags?post=34789"}],"curies":[{"name":"wp","href":"https:\/\/api.w.org\/{rel}","templated":true}]}}