{"id":34894,"date":"2018-06-28T17:41:27","date_gmt":"2018-06-28T21:41:27","guid":{"rendered":"http:\/\/www.brazilianpress.com\/v1\/?p=34894"},"modified":"2018-06-28T17:41:27","modified_gmt":"2018-06-28T21:41:27","slug":"grande-bbq-do-time-gunners","status":"publish","type":"post","link":"https:\/\/www.brazilianpress.com\/v1\/2018\/06\/28\/grande-bbq-do-time-gunners\/","title":{"rendered":"Grande BBQ do time Gunners"},"content":{"rendered":"<p>Queremos convidar todos para um grande BBQ no dia 7 de julho a partir das 12:00pm no lar dos le\u00f5es 20 Gotthard st Newark,NJ os fundos arrecadados ir\u00e3o para o time Gunners que ir\u00e1 disputar o Nationals em Indiana no dia 11 de julho representando NJ depois de terem ganhado no \u00faltimo dia 18 de junho o regionals em WV. Contamos com a colabora\u00e7\u00e3o de todos teremos transmiss\u00e3o dos jogos da copa, DJ, sorteios e uma deliciosa comida. Venham nos prestigiar e apoiar.<\/p>\n","protected":false},"excerpt":{"rendered":"<p>Queremos convidar todos para um grande BBQ no dia 7 de julho a partir das 12:00pm no lar dos le\u00f5es 20 Gotthard st Newark,NJ os fundos arrecadados ir\u00e3o para o time Gunners que ir\u00e1 disputar o Nationals em Indiana no dia 11 de julho representando NJ depois de terem ganhado no \u00faltimo dia 18 de junho o regionals em WV. Contamos com a colabora\u00e7\u00e3o de todos teremos transmiss\u00e3o dos jogos da copa, DJ, sorteios e uma deliciosa comida. Venham nos prestigiar e apoiar.<\/p>\n","protected":false},"author":1,"featured_media":34895,"comment_status":"open","ping_status":"open","sticky":false,"template":"","format":"standard","meta":{"_links_to":"","_links_to_target":""},"categories":[4,1],"tags":[],"views":2092,"_links":{"self":[{"href":"https:\/\/www.brazilianpress.com\/v1\/wp-json\/wp\/v2\/posts\/34894"}],"collection":[{"href":"https:\/\/www.brazilianpress.com\/v1\/wp-json\/wp\/v2\/posts"}],"about":[{"href":"https:\/\/www.brazilianpress.com\/v1\/wp-json\/wp\/v2\/types\/post"}],"author":[{"embeddable":true,"href":"https:\/\/www.brazilianpress.com\/v1\/wp-json\/wp\/v2\/users\/1"}],"replies":[{"embeddable":true,"href":"https:\/\/www.brazilianpress.com\/v1\/wp-json\/wp\/v2\/comments?post=34894"}],"version-history":[{"count":1,"href":"https:\/\/www.brazilianpress.com\/v1\/wp-json\/wp\/v2\/posts\/34894\/revisions"}],"predecessor-version":[{"id":34896,"href":"https:\/\/www.brazilianpress.com\/v1\/wp-json\/wp\/v2\/posts\/34894\/revisions\/34896"}],"wp:featuredmedia":[{"embeddable":true,"href":"https:\/\/www.brazilianpress.com\/v1\/wp-json\/wp\/v2\/media\/34895"}],"wp:attachment":[{"href":"https:\/\/www.brazilianpress.com\/v1\/wp-json\/wp\/v2\/media?parent=34894"}],"wp:term":[{"taxonomy":"category","embeddable":true,"href":"https:\/\/www.brazilianpress.com\/v1\/wp-json\/wp\/v2\/categories?post=34894"},{"taxonomy":"post_tag","embeddable":true,"href":"https:\/\/www.brazilianpress.com\/v1\/wp-json\/wp\/v2\/tags?post=34894"}],"curies":[{"name":"wp","href":"https:\/\/api.w.org\/{rel}","templated":true}]}}