{"id":34897,"date":"2018-06-28T17:43:24","date_gmt":"2018-06-28T21:43:24","guid":{"rendered":"http:\/\/www.brazilianpress.com\/v1\/?p=34897"},"modified":"2018-06-28T17:43:24","modified_gmt":"2018-06-28T21:43:24","slug":"luto-ignez-leite-oliveira-mccartney","status":"publish","type":"post","link":"https:\/\/www.brazilianpress.com\/v1\/2018\/06\/28\/luto-ignez-leite-oliveira-mccartney\/","title":{"rendered":"Luto: Ignez Leite Oliveira Mccartney"},"content":{"rendered":"<p>\u00c9 com grande pesar que informamos que Ignez Leite Oliveira Mccartney, que viveu 50 anos na Am\u00e9rica faleceu na quarta-feira, 20 de junho. O funeral acontecer\u00e1 neste domingo, 1 de julho, das 3h00 da tarde \u00e0s 8h00 da noite, no Alvarez Funeral Home, situado no\u00a0240 Mt Prospect ave, Newark NJ.<\/p>\n<p>Sepultamento ser\u00e1 na segunda feira, dia 2 de julho, saindo \u00e0s 10h00 da manh\u00e3 da funer\u00e1ria para o Cemit\u00e9rio Holy Cross, no\u00a0340 Ridge Rd, North Arlington, NJ. Ignez deixar\u00e1 muitas saudades \u00e0 seus 8 irm\u00e3os e fam\u00edlia no Brasil, seu filho Andr\u00e9 Lu\u00eds Leite, que reside em Madrid e\u00a0seus 4 netos: Andres Felipe Leite dos Anjos, 25 anos, Tamara Leite dos Anjos, 24 anos, In\u00eas Maria Leite Vasconcelos, 14 anos e Pedro Leite Gomes, 1 aninho.<\/p>\n<p>Em 1968, Ignez trabalhava na ag\u00eancia do Citibank no Rio de Janeiro e foi transferida para New York. Ela viveu intensamente sempre viajando ao Brasil para visitar a fam\u00edlia. Seu filho Andr\u00e9 tem o famoso grupo de samba Pagode\u00a0\u00a0 Bernabeu em Madrid. Tem tr\u00eas sobrinhos vivendo em New Jersey, o fot\u00f3grafo Marco Antonio, Galerio Leite Oliveira e Adriana Leite Mariano. Ignez gostava de viver intensamente e adorava visitar os casinos de Atlantic City com sua amiga de anos, Marli Cagley e v\u00e1rios amigos de Newark. Que Deus possa confortar toda a fam\u00edlia e que ela descanse em paz.<\/p>\n","protected":false},"excerpt":{"rendered":"<p>\u00c9 com grande pesar que informamos que Ignez Leite Oliveira Mccartney, que viveu 50 anos na Am\u00e9rica faleceu na quarta-feira, 20 de junho. O funeral acontecer\u00e1 neste domingo, 1 de julho, das 3h00 da tarde \u00e0s 8h00 da noite, no Alvarez Funeral Home, situado no\u00a0240 Mt Prospect ave, Newark NJ. Sepultamento ser\u00e1 na segunda feira, dia 2 de julho, saindo \u00e0s 10h00 da manh\u00e3 da funer\u00e1ria para o Cemit\u00e9rio Holy Cross, no\u00a0340 Ridge Rd, North Arlington, NJ. Ignez deixar\u00e1 muitas saudades \u00e0 seus 8 irm\u00e3os e fam\u00edlia no Brasil, seu filho Andr\u00e9 Lu\u00eds Leite, que reside em Madrid e\u00a0seus 4 [&hellip;]<\/p>\n","protected":false},"author":1,"featured_media":34898,"comment_status":"open","ping_status":"open","sticky":false,"template":"","format":"standard","meta":{"_links_to":"","_links_to_target":""},"categories":[4,3,1],"tags":[],"views":2062,"_links":{"self":[{"href":"https:\/\/www.brazilianpress.com\/v1\/wp-json\/wp\/v2\/posts\/34897"}],"collection":[{"href":"https:\/\/www.brazilianpress.com\/v1\/wp-json\/wp\/v2\/posts"}],"about":[{"href":"https:\/\/www.brazilianpress.com\/v1\/wp-json\/wp\/v2\/types\/post"}],"author":[{"embeddable":true,"href":"https:\/\/www.brazilianpress.com\/v1\/wp-json\/wp\/v2\/users\/1"}],"replies":[{"embeddable":true,"href":"https:\/\/www.brazilianpress.com\/v1\/wp-json\/wp\/v2\/comments?post=34897"}],"version-history":[{"count":1,"href":"https:\/\/www.brazilianpress.com\/v1\/wp-json\/wp\/v2\/posts\/34897\/revisions"}],"predecessor-version":[{"id":34899,"href":"https:\/\/www.brazilianpress.com\/v1\/wp-json\/wp\/v2\/posts\/34897\/revisions\/34899"}],"wp:featuredmedia":[{"embeddable":true,"href":"https:\/\/www.brazilianpress.com\/v1\/wp-json\/wp\/v2\/media\/34898"}],"wp:attachment":[{"href":"https:\/\/www.brazilianpress.com\/v1\/wp-json\/wp\/v2\/media?parent=34897"}],"wp:term":[{"taxonomy":"category","embeddable":true,"href":"https:\/\/www.brazilianpress.com\/v1\/wp-json\/wp\/v2\/categories?post=34897"},{"taxonomy":"post_tag","embeddable":true,"href":"https:\/\/www.brazilianpress.com\/v1\/wp-json\/wp\/v2\/tags?post=34897"}],"curies":[{"name":"wp","href":"https:\/\/api.w.org\/{rel}","templated":true}]}}