{"id":34900,"date":"2018-06-28T17:57:04","date_gmt":"2018-06-28T21:57:04","guid":{"rendered":"http:\/\/www.brazilianpress.com\/v1\/?p=34900"},"modified":"2018-06-28T17:57:04","modified_gmt":"2018-06-28T21:57:04","slug":"extra-juiz-determina-que-brasileiro-de-9-anos-detido-na-fronteira-dos-eua-seja-entregue-a-mae","status":"publish","type":"post","link":"https:\/\/www.brazilianpress.com\/v1\/2018\/06\/28\/extra-juiz-determina-que-brasileiro-de-9-anos-detido-na-fronteira-dos-eua-seja-entregue-a-mae\/","title":{"rendered":"EXTRA: Juiz determina que brasileiro de 9 anos detido na fronteira dos EUA seja entregue \u00e0 m\u00e3e"},"content":{"rendered":"<p><strong>Diogo estava em um abrigo em Chicago h\u00e1 quase um m\u00eas. Ele e a m\u00e3e, Lidia Karina Souza, foram separados na fronteira ao chegarem aos Estados Unidos.<\/strong><\/p>\n<p>juiz federal em Chicago ordenou a libera\u00e7\u00e3o imediata do menino brasileiro Diogo, que foi separado da m\u00e3e, Lidia Karina Souza, na fronteira dos Estados Unidos com o M\u00e9xico em 29 de maio, segundo a Associated Press. O juiz Manish Shah disse nesta quinta-feira (28) que Lidia pode ter a cust\u00f3dio de Diogo, que passou quatro semanas em um abrigo contratado pelo governo em Chicago. A m\u00e3e, que fez uma solicita\u00e7\u00e3o de asilo no pa\u00eds, foi solta de um centro de deten\u00e7\u00e3o para imigrantes no Texas no dia 9 de junho.<\/p>\n<p><img loading=\"lazy\" class=\"alignright\" src=\"https:\/\/s2.glbimg.com\/8FGHc1r_CJPlp5JEA1yTeuM_lJ8=\/0x0:3456x2820\/984x0\/smart\/filters:strip_icc()\/i.s3.glbimg.com\/v1\/AUTH_59edd422c0c84a879bd37670ae4f538a\/internal_photos\/bs\/2018\/1\/2\/s2gYdCS5mDRPAM8CvXAw\/ap18178713970527.jpg\" alt=\"Lidia Karina Souza exibe tatuagem no pulso com o nome do filho Diogo, durante entrevista \u00c3\u00a0 Associated Press, na quarta-feira (27) (Foto: AP Photo\/Charles Rex Arbogast)\" width=\"363\" height=\"296\" \/>Depois de passar tr\u00eas semanas mantendo contato apenas por telefone, Karina conseguiu ver Diogo pelas primeiras vezes na noite da \u00faltima ter\u00e7a-feira e na manh\u00e3 de quarta. Segundo o advogado Jeff Goldman, ela entregou a ele comida, roupas e alguns brinquedos. Acompanhada por uma advogada de seu escrit\u00f3rio, a m\u00e3e constatou que, apesar de triste, Diogo estva saud\u00e1vel e parecia bem.<\/p>\n<p>Os dois foram separados em 29 de maio, gra\u00e7as \u00e0 pol\u00edtica de toler\u00e2ncia zero contra imigrantes ilegais do governo de Donald Trump, quando cruzaram a fronteira dos Estados Unidos. Lidia entrou no pa\u00eds em busca de asilo, mas por n\u00e3o ter feito isso em um posto adequado, foi considerada uma imigrante ilegal e detida. A jovem de 27 anos foi liberada em 9 de junho e est\u00e1 hospedada na casa de amigos de familiares no estado de Massachusetts desde ent\u00e3o.<\/p>\n<p><strong>Audi\u00eancia<\/strong><\/p>\n<p>Segundo a France Presse, a advogada representando o Departamento de Justi\u00e7a, Sarah Fabian, tentou prolongar a deten\u00e7\u00e3o de Diogo no abrigo, afirmando ao juiz que precisaria de mais dois ou tr\u00eas dias para apresentar argumentos adicionais sobre quest\u00f5es constitucionais levantadas pelo caso porque tinha um voo para pegar dentro de poucas horas. Neste momento, a advogada de Lidia interveio. &#8220;Aprecio que o governo tenha voos. Mas tenho uma crian\u00e7a de nove anos sob cust\u00f3dia, sem permiss\u00e3o para ver a m\u00e3e. Cada hora que passa \u00e9 dif\u00edcil para ela e seu filho&#8221;, reclamou.<\/p>\n<p><strong>Asilo<\/strong><\/p>\n<p>O advogado Jeff Goldman diz que seu escrit\u00f3rio ir\u00e1 dar entrada na pr\u00f3xima semana no pedido de asilo de Lidia Karina Souza. \u00c9 praticamente imposs\u00edvel prever quanto tempo ele levar\u00e1 para ser analisado, mas enquanto isso acontece a brasileira ter\u00e1 autoriza\u00e7\u00e3o para permanecer nos EUA com o filho. &#8220;Atualmente, um caso leva at\u00e9 uns tr\u00eas anos, o sistema est\u00e1 quebrado&#8221;, diz. Ele lembra que h\u00e1 alguns meses o governo anunciou que iria acelerar a an\u00e1lise dos processos e que esperava emitir respostas em 30 dias. Pouco depois voltou atr\u00e1s, por\u00e9m, admitindo que esse prazo \u00e9 invi\u00e1vel devido ao grande volume de pedidos.<\/p>\n","protected":false},"excerpt":{"rendered":"<p>Diogo estava em um abrigo em Chicago h\u00e1 quase um m\u00eas. Ele e a m\u00e3e, Lidia Karina Souza, foram separados na fronteira ao chegarem aos Estados Unidos. juiz federal em Chicago ordenou a libera\u00e7\u00e3o imediata do menino brasileiro Diogo, que foi separado da m\u00e3e, Lidia Karina Souza, na fronteira dos Estados Unidos com o M\u00e9xico em 29 de maio, segundo a Associated Press. O juiz Manish Shah disse nesta quinta-feira (28) que Lidia pode ter a cust\u00f3dio de Diogo, que passou quatro semanas em um abrigo contratado pelo governo em Chicago. A m\u00e3e, que fez uma solicita\u00e7\u00e3o de asilo no [&hellip;]<\/p>\n","protected":false},"author":1,"featured_media":34901,"comment_status":"open","ping_status":"open","sticky":false,"template":"","format":"standard","meta":{"_links_to":"","_links_to_target":""},"categories":[4,3,1],"tags":[],"views":1755,"_links":{"self":[{"href":"https:\/\/www.brazilianpress.com\/v1\/wp-json\/wp\/v2\/posts\/34900"}],"collection":[{"href":"https:\/\/www.brazilianpress.com\/v1\/wp-json\/wp\/v2\/posts"}],"about":[{"href":"https:\/\/www.brazilianpress.com\/v1\/wp-json\/wp\/v2\/types\/post"}],"author":[{"embeddable":true,"href":"https:\/\/www.brazilianpress.com\/v1\/wp-json\/wp\/v2\/users\/1"}],"replies":[{"embeddable":true,"href":"https:\/\/www.brazilianpress.com\/v1\/wp-json\/wp\/v2\/comments?post=34900"}],"version-history":[{"count":1,"href":"https:\/\/www.brazilianpress.com\/v1\/wp-json\/wp\/v2\/posts\/34900\/revisions"}],"predecessor-version":[{"id":34902,"href":"https:\/\/www.brazilianpress.com\/v1\/wp-json\/wp\/v2\/posts\/34900\/revisions\/34902"}],"wp:featuredmedia":[{"embeddable":true,"href":"https:\/\/www.brazilianpress.com\/v1\/wp-json\/wp\/v2\/media\/34901"}],"wp:attachment":[{"href":"https:\/\/www.brazilianpress.com\/v1\/wp-json\/wp\/v2\/media?parent=34900"}],"wp:term":[{"taxonomy":"category","embeddable":true,"href":"https:\/\/www.brazilianpress.com\/v1\/wp-json\/wp\/v2\/categories?post=34900"},{"taxonomy":"post_tag","embeddable":true,"href":"https:\/\/www.brazilianpress.com\/v1\/wp-json\/wp\/v2\/tags?post=34900"}],"curies":[{"name":"wp","href":"https:\/\/api.w.org\/{rel}","templated":true}]}}