{"id":34910,"date":"2018-07-03T07:13:59","date_gmt":"2018-07-03T11:13:59","guid":{"rendered":"http:\/\/www.brazilianpress.com\/v1\/?p=34910"},"modified":"2018-07-03T07:13:59","modified_gmt":"2018-07-03T11:13:59","slug":"mais-uma-brasileira-ingressa-na-justica-dos-eua-para-reaver-filho-de-dez-anos","status":"publish","type":"post","link":"https:\/\/www.brazilianpress.com\/v1\/2018\/07\/03\/mais-uma-brasileira-ingressa-na-justica-dos-eua-para-reaver-filho-de-dez-anos\/","title":{"rendered":"Mais uma brasileira ingressa na justi\u00e7a dos EUA para reaver filho de dez anos"},"content":{"rendered":"<p><strong>Advogados esperam que as autoridades sigam o entendimento do juiz federal que determinou a soltura de outra crian\u00e7a brasileira na \u00faltima semana.<\/strong><\/p>\n<p>Apenas alguns dias ap\u00f3s um juiz federal ordenar a soltura de um menino brasileiro de um abrigo em Chicago, advogados de imigra\u00e7\u00e3o de Boston entraram com um segundo processo pedindo que a mesma corte solte outra crian\u00e7a brasileira. O processo foi apresentado em Chicago na segunda-feira, 02, em nome de Sirley Silveira Paix\u00e3o, de 30 anos, que pede a libera\u00e7\u00e3o de seu filho Diego, de 10 anos.<\/p>\n<p>M\u00e3e e filho chegaram aos Estados Unidos no dia 22 de maio procurando por asilo, mas foram separados logo ap\u00f3s a chegada. Sirley foi liberada no dia 13 de junho e est\u00e1 vivendo em Massachusetts. Diego foi levado para o mesmo abrigo que Diogo de Oliveira, o outro menino brasileiro que foi liberado ap\u00f3s a ordem de um juiz federal na \u00faltima quinta-feira, 28. O advogado de ambos os casos, Jesse Bless, esperava que a libera\u00e7\u00e3o de Diogo incitasse as autoridades a soltar tamb\u00e9m o filho de Sirley Paix\u00e3o, mas as autoridades recusaram.<\/p>\n<p>O segundo processo, parecido com o primeiro, alega que Diego n\u00e3o pode ser mantido no abrigo sob a alega\u00e7\u00e3o de ser um \u201cmenor desacompanhado\u201d porque ele estava com a m\u00e3e quando entrou nos Estados Unidos. O processo, que alega que a pris\u00e3o do menino \u00e9 inconstitucional, tamb\u00e9m afirma que a m\u00e3e preencheu todos os documentos necess\u00e1rios para a soltura e diz que as autoridades federais consideraram cr\u00edvel a justificativa de Sirley para pedir asilo no Pa\u00eds norte-americano. Bless disse esperar por not\u00edcias de uma audi\u00eancia ainda esta semana, mas considera que pode haver atrasos devido ao feriado de 4 de julho. \/AP<\/p>\n","protected":false},"excerpt":{"rendered":"<p>Advogados esperam que as autoridades sigam o entendimento do juiz federal que determinou a soltura de outra crian\u00e7a brasileira na \u00faltima semana. Apenas alguns dias ap\u00f3s um juiz federal ordenar a soltura de um menino brasileiro de um abrigo em Chicago, advogados de imigra\u00e7\u00e3o de Boston entraram com um segundo processo pedindo que a mesma corte solte outra crian\u00e7a brasileira. O processo foi apresentado em Chicago na segunda-feira, 02, em nome de Sirley Silveira Paix\u00e3o, de 30 anos, que pede a libera\u00e7\u00e3o de seu filho Diego, de 10 anos. M\u00e3e e filho chegaram aos Estados Unidos no dia 22 de [&hellip;]<\/p>\n","protected":false},"author":1,"featured_media":34911,"comment_status":"open","ping_status":"open","sticky":false,"template":"","format":"standard","meta":{"_links_to":"","_links_to_target":""},"categories":[4,3,1],"tags":[],"views":1565,"_links":{"self":[{"href":"https:\/\/www.brazilianpress.com\/v1\/wp-json\/wp\/v2\/posts\/34910"}],"collection":[{"href":"https:\/\/www.brazilianpress.com\/v1\/wp-json\/wp\/v2\/posts"}],"about":[{"href":"https:\/\/www.brazilianpress.com\/v1\/wp-json\/wp\/v2\/types\/post"}],"author":[{"embeddable":true,"href":"https:\/\/www.brazilianpress.com\/v1\/wp-json\/wp\/v2\/users\/1"}],"replies":[{"embeddable":true,"href":"https:\/\/www.brazilianpress.com\/v1\/wp-json\/wp\/v2\/comments?post=34910"}],"version-history":[{"count":1,"href":"https:\/\/www.brazilianpress.com\/v1\/wp-json\/wp\/v2\/posts\/34910\/revisions"}],"predecessor-version":[{"id":34912,"href":"https:\/\/www.brazilianpress.com\/v1\/wp-json\/wp\/v2\/posts\/34910\/revisions\/34912"}],"wp:featuredmedia":[{"embeddable":true,"href":"https:\/\/www.brazilianpress.com\/v1\/wp-json\/wp\/v2\/media\/34911"}],"wp:attachment":[{"href":"https:\/\/www.brazilianpress.com\/v1\/wp-json\/wp\/v2\/media?parent=34910"}],"wp:term":[{"taxonomy":"category","embeddable":true,"href":"https:\/\/www.brazilianpress.com\/v1\/wp-json\/wp\/v2\/categories?post=34910"},{"taxonomy":"post_tag","embeddable":true,"href":"https:\/\/www.brazilianpress.com\/v1\/wp-json\/wp\/v2\/tags?post=34910"}],"curies":[{"name":"wp","href":"https:\/\/api.w.org\/{rel}","templated":true}]}}