{"id":34915,"date":"2018-07-04T13:50:35","date_gmt":"2018-07-04T17:50:35","guid":{"rendered":"http:\/\/www.brazilianpress.com\/v1\/?p=34915"},"modified":"2018-07-04T13:50:35","modified_gmt":"2018-07-04T17:50:35","slug":"ministro-aloysio-nunes-viaja-aos-eua-para-por-fim-a-drama-de-criancas-brasileiras","status":"publish","type":"post","link":"https:\/\/www.brazilianpress.com\/v1\/2018\/07\/04\/ministro-aloysio-nunes-viaja-aos-eua-para-por-fim-a-drama-de-criancas-brasileiras\/","title":{"rendered":"Ministro Aloysio Nunes viaja aos EUA para por fim a drama de crian\u00e7as brasileiras"},"content":{"rendered":"<p>O ministro das Rela\u00e7\u00f5es Exteriores, Aloysio Nunes Ferreira, viaja nesta quarta-feira (4) para os Estados Unidos na tentativa de buscar uma solu\u00e7\u00e3o para o impasse que envolve filhos de brasileiros separados dos pais identificados como imigrantes ilegais. Em comunicado, o Itamaraty faz duras cr\u00edticas \u00e0 pol\u00edtica migrat\u00f3ria norte-americana e diz esperar a revoga\u00e7\u00e3o das medidas adotadas recentemente.<\/p>\n<p>O chanceler visitar\u00e1 as crian\u00e7as e adolescentes que est\u00e3o em abrigo da rede Heartland Alliance, em Chicago. O abrigo \u00e9 um dos 16 locais de acolhimento, nos Estados Unidos, em que est\u00e3o brasileiros. Nos dias 6 e 7, Aloysio Nunes se re\u00fane em Chicago com 14 c\u00f4nsules nos Estados Unidos, Canad\u00e1 e M\u00e9xico. N\u00e3o h\u00e1 encontros agendados com autoridades norte-americanas. Nas conversas com os c\u00f4nsules brasileiros, o chanceler quer discutir o apoio que tem sido prestado \u00e0s crian\u00e7as e aos adolescentes, assim como a assist\u00eancia jur\u00eddica a pais e respons\u00e1veis \u201ccom vistas \u00e0 recupera\u00e7\u00e3o da guarda e \u00e0 reunifica\u00e7\u00e3o familiar\u201d. No comunicado, o Itamaraty detalha como ser\u00e1 a visita do chanceler aos Estados Unidos.<\/p>\n","protected":false},"excerpt":{"rendered":"<p>O ministro das Rela\u00e7\u00f5es Exteriores, Aloysio Nunes Ferreira, viaja nesta quarta-feira (4) para os Estados Unidos na tentativa de buscar uma solu\u00e7\u00e3o para o impasse que envolve filhos de brasileiros separados dos pais identificados como imigrantes ilegais. Em comunicado, o Itamaraty faz duras cr\u00edticas \u00e0 pol\u00edtica migrat\u00f3ria norte-americana e diz esperar a revoga\u00e7\u00e3o das medidas adotadas recentemente. O chanceler visitar\u00e1 as crian\u00e7as e adolescentes que est\u00e3o em abrigo da rede Heartland Alliance, em Chicago. O abrigo \u00e9 um dos 16 locais de acolhimento, nos Estados Unidos, em que est\u00e3o brasileiros. Nos dias 6 e 7, Aloysio Nunes se re\u00fane em [&hellip;]<\/p>\n","protected":false},"author":1,"featured_media":34916,"comment_status":"open","ping_status":"open","sticky":false,"template":"","format":"standard","meta":{"_links_to":"","_links_to_target":""},"categories":[4,3,1],"tags":[],"views":1508,"_links":{"self":[{"href":"https:\/\/www.brazilianpress.com\/v1\/wp-json\/wp\/v2\/posts\/34915"}],"collection":[{"href":"https:\/\/www.brazilianpress.com\/v1\/wp-json\/wp\/v2\/posts"}],"about":[{"href":"https:\/\/www.brazilianpress.com\/v1\/wp-json\/wp\/v2\/types\/post"}],"author":[{"embeddable":true,"href":"https:\/\/www.brazilianpress.com\/v1\/wp-json\/wp\/v2\/users\/1"}],"replies":[{"embeddable":true,"href":"https:\/\/www.brazilianpress.com\/v1\/wp-json\/wp\/v2\/comments?post=34915"}],"version-history":[{"count":1,"href":"https:\/\/www.brazilianpress.com\/v1\/wp-json\/wp\/v2\/posts\/34915\/revisions"}],"predecessor-version":[{"id":34917,"href":"https:\/\/www.brazilianpress.com\/v1\/wp-json\/wp\/v2\/posts\/34915\/revisions\/34917"}],"wp:featuredmedia":[{"embeddable":true,"href":"https:\/\/www.brazilianpress.com\/v1\/wp-json\/wp\/v2\/media\/34916"}],"wp:attachment":[{"href":"https:\/\/www.brazilianpress.com\/v1\/wp-json\/wp\/v2\/media?parent=34915"}],"wp:term":[{"taxonomy":"category","embeddable":true,"href":"https:\/\/www.brazilianpress.com\/v1\/wp-json\/wp\/v2\/categories?post=34915"},{"taxonomy":"post_tag","embeddable":true,"href":"https:\/\/www.brazilianpress.com\/v1\/wp-json\/wp\/v2\/tags?post=34915"}],"curies":[{"name":"wp","href":"https:\/\/api.w.org\/{rel}","templated":true}]}}