{"id":34955,"date":"2018-07-05T10:55:37","date_gmt":"2018-07-05T14:55:37","guid":{"rendered":"http:\/\/www.brazilianpress.com\/v1\/?p=34955"},"modified":"2018-07-05T10:56:00","modified_gmt":"2018-07-05T14:56:00","slug":"criancas-imigrantes-condenadas-a-comparecerem-desacompanhadas-aos-tribunais","status":"publish","type":"post","link":"https:\/\/www.brazilianpress.com\/v1\/2018\/07\/05\/criancas-imigrantes-condenadas-a-comparecerem-desacompanhadas-aos-tribunais\/","title":{"rendered":"Crian\u00e7as imigrantes condenadas a comparecerem desacompanhadas aos tribunais"},"content":{"rendered":"<p>Um juiz da Calif\u00f3rnia ordenou \u00e0s autoridades da fronteira que reunissem fam\u00edlias separadas dentro de 30 dias, estabelecendo um prazo r\u00edgido em um processo que at\u00e9 agora gerou incerteza sobre quando as crian\u00e7as poderiam voltar a ver seus pais.<\/p>\n<p>Enquanto a Casa Branca enfrenta ordens judiciais para reunir fam\u00edlias separadas na fronteira, crian\u00e7as imigrantes de at\u00e9 tr\u00eas anos est\u00e3o sendo levadas \u00e0 corte para serem julgadas de deporta\u00e7\u00e3o, segundo advogados do Texas, Calif\u00f3rnia e Washington, DC. Exigir que menores desacompanhados passem por deporta\u00e7\u00e3o sozinho n\u00e3o \u00e9 uma pr\u00e1tica nova. Mas, na esteira da pol\u00eamica pol\u00edtica de separa\u00e7\u00e3o de fam\u00edlias do governo Trump crian\u00e7as pequenas est\u00e3o sendo mais afetadas do que no passado. As mais de 2.000 crian\u00e7as provavelmente precisar\u00e3o lidar sozinhas com os processos judiciais, enquanto lidam com o trauma de serem tiradas de seus pais.<\/p>\n<p>\u201cEst\u00e1vamos representando recentemente uma crian\u00e7a de 3 anos de idade no tribunal que havia sido separada dos pais. E a crian\u00e7a &#8211; no meio da audi\u00eancia &#8211; come\u00e7ou a subir na mesa\u201d, disse Lindsay Toczylowski, diretora executiva do Immigrant Defenders Law Center, em Los Angeles. &#8220;Realmente destacou o absurdo do que estamos fazendo com elas&#8221;.<\/p>\n<p>&#8220;O pai pode ser o \u00fanico que sabe por que fugiu do pa\u00eds de origem e a crian\u00e7a est\u00e1 em uma posi\u00e7\u00e3o desvantajosa para se defender&#8221;, disse Toczylowski. L\u00edderes de tr\u00eas organiza\u00e7\u00f5es de servi\u00e7os jur\u00eddicos e uma empresa privada confirmaram que as crian\u00e7as est\u00e3o sendo atendidas no tribunal. Eles n\u00e3o t\u00eam direito a um advogado, mas recebem uma lista de organiza\u00e7\u00f5es de servi\u00e7os jur\u00eddicos que podem ajud\u00e1-los. Steve Lee, professor de psicologia infantil da UCLA, disse que esperar que as crian\u00e7as defendam a si mesmas no tribunal \u00e9 uma &#8220;expectativa incrivelmente desalinhada&#8221;.<\/p>\n<p>Advogados de imigra\u00e7\u00e3o de todo o pa\u00eds est\u00e3o voando para o Texas para ajudar a representar crian\u00e7as e fam\u00edlias, disse George Tzamaras, porta-voz da Associa\u00e7\u00e3o Americana de Advogados de Imigra\u00e7\u00e3o. Toczylowski disse que sua organiza\u00e7\u00e3o est\u00e1 tentando ajudar a reunir as fam\u00edlias para que as crian\u00e7as possam ser julgadas junto com os pais. &#8220;As crian\u00e7as n\u00e3o entendem os meandros que est\u00e3o envolvidos com a deporta\u00e7\u00e3o e o tribunal de imigra\u00e7\u00e3o&#8221;, disse ela. &#8220;Eles entendem que foram separados de seus pais e o objetivo principal \u00e9 voltar para as pessoas que amam.&#8221;<\/p>\n","protected":false},"excerpt":{"rendered":"<p>Um juiz da Calif\u00f3rnia ordenou \u00e0s autoridades da fronteira que reunissem fam\u00edlias separadas dentro de 30 dias, estabelecendo um prazo r\u00edgido em um processo que at\u00e9 agora gerou incerteza sobre quando as crian\u00e7as poderiam voltar a ver seus pais. Enquanto a Casa Branca enfrenta ordens judiciais para reunir fam\u00edlias separadas na fronteira, crian\u00e7as imigrantes de at\u00e9 tr\u00eas anos est\u00e3o sendo levadas \u00e0 corte para serem julgadas de deporta\u00e7\u00e3o, segundo advogados do Texas, Calif\u00f3rnia e Washington, DC. Exigir que menores desacompanhados passem por deporta\u00e7\u00e3o sozinho n\u00e3o \u00e9 uma pr\u00e1tica nova. Mas, na esteira da pol\u00eamica pol\u00edtica de separa\u00e7\u00e3o de fam\u00edlias do [&hellip;]<\/p>\n","protected":false},"author":1,"featured_media":34956,"comment_status":"open","ping_status":"open","sticky":false,"template":"","format":"standard","meta":{"_links_to":"","_links_to_target":""},"categories":[3,1,10],"tags":[],"views":1829,"_links":{"self":[{"href":"https:\/\/www.brazilianpress.com\/v1\/wp-json\/wp\/v2\/posts\/34955"}],"collection":[{"href":"https:\/\/www.brazilianpress.com\/v1\/wp-json\/wp\/v2\/posts"}],"about":[{"href":"https:\/\/www.brazilianpress.com\/v1\/wp-json\/wp\/v2\/types\/post"}],"author":[{"embeddable":true,"href":"https:\/\/www.brazilianpress.com\/v1\/wp-json\/wp\/v2\/users\/1"}],"replies":[{"embeddable":true,"href":"https:\/\/www.brazilianpress.com\/v1\/wp-json\/wp\/v2\/comments?post=34955"}],"version-history":[{"count":1,"href":"https:\/\/www.brazilianpress.com\/v1\/wp-json\/wp\/v2\/posts\/34955\/revisions"}],"predecessor-version":[{"id":34957,"href":"https:\/\/www.brazilianpress.com\/v1\/wp-json\/wp\/v2\/posts\/34955\/revisions\/34957"}],"wp:featuredmedia":[{"embeddable":true,"href":"https:\/\/www.brazilianpress.com\/v1\/wp-json\/wp\/v2\/media\/34956"}],"wp:attachment":[{"href":"https:\/\/www.brazilianpress.com\/v1\/wp-json\/wp\/v2\/media?parent=34955"}],"wp:term":[{"taxonomy":"category","embeddable":true,"href":"https:\/\/www.brazilianpress.com\/v1\/wp-json\/wp\/v2\/categories?post=34955"},{"taxonomy":"post_tag","embeddable":true,"href":"https:\/\/www.brazilianpress.com\/v1\/wp-json\/wp\/v2\/tags?post=34955"}],"curies":[{"name":"wp","href":"https:\/\/api.w.org\/{rel}","templated":true}]}}