{"id":34958,"date":"2018-07-05T14:10:13","date_gmt":"2018-07-05T18:10:13","guid":{"rendered":"http:\/\/www.brazilianpress.com\/v1\/?p=34958"},"modified":"2018-07-05T14:10:13","modified_gmt":"2018-07-05T18:10:13","slug":"conmebol-condena-gremio-a-multa-de-us-63-mil-por-danos-ao-estadio-do-lanus","status":"publish","type":"post","link":"https:\/\/www.brazilianpress.com\/v1\/2018\/07\/05\/conmebol-condena-gremio-a-multa-de-us-63-mil-por-danos-ao-estadio-do-lanus\/","title":{"rendered":"Conmebol condena Gr\u00eamio a multa de US$ 63 mil por danos ao est\u00e1dio do Lan\u00fas"},"content":{"rendered":"<p>O Tribunal Disciplinar da Conmebol condenou o Gr\u00eamio a multa de US$ 63.325 (R$ 244 mil) por incidentes ocorridos na final da Libertadores, em 29 de novembro do ano passado, em jogo diante do Lan\u00fas. A pena se deve a dados nas instala\u00e7\u00f5es do Est\u00e1dio La Fortaleza.<\/p>\n<p>Conforme comunicado da Conmebol, a indeniza\u00e7\u00e3o sair\u00e1 dos direitos de transmiss\u00e3o e patroc\u00ednio. O valor ser\u00e1 transferido automaticamente aos cofres do Lan\u00fas. Em contato com o GloboEsporte.com, o diretor jur\u00eddico do Gr\u00eamio, Nestor Hein, recebeu com surpresa o valor, o qual considera elevado. O clube ga\u00facho deve recorrer da decis\u00e3o.<\/p>\n<p>&#8211; Se esses US$ 63 mil s\u00e3o em fun\u00e7\u00e3o de banheiros quebrados, s\u00f3 se esse banheiro tinha privadas de ouro, importadas da Ar\u00e1bia Saudita. N\u00e3o tem nenhum cabimento, \u00e9 um disparate essa multa. Se for isso, a gente contrata os pedreiros e leva porque sai mais barato \u2013 afirma Hein. A torcida do Gr\u00eamio teve acesso a 5 mil lugares em La Fortaleza, na decis\u00e3o da Libertadores. O Tricolor venceu a partida por 2 a 1 e garantiu o tri da competi\u00e7\u00e3o.<\/p>\n<p><strong>Confira abaixo a nota oficial<\/strong><\/p>\n<p style=\"padding-left: 60px;\"><em>O Tribunal Disciplinar da CONMEBOL<\/em><\/p>\n<p style=\"padding-left: 60px;\"><em>1\u00ba. A admitir a reclama\u00e7\u00e3o apresentada pelo Club Atletico Lanus por danos \u00e0s instala\u00e7\u00f5es do &#8220;Lan\u00fas City &#8211; Nestor Diaz Perez&#8221; Stadium.<\/em><\/p>\n<p style=\"padding-left: 60px;\"><em>2\u00ba. Condenar o Gr\u00eamio Foot-Ball Porto Alegrense a pagar uma indeniza\u00e7\u00e3o por danos causados \u200b\u200bao Club Atl\u00e9tico Lan\u00fas na Cidade Est\u00e1dio Lanus-Nestor Diaz Perez, na soma de USD 63.325. Este montante ser\u00e1 automaticamente deduzido do valor a ser recebido pelo Gr\u00eamio Foot-Ball Porto Alegrense da CONMEBOL em rela\u00e7\u00e3o aos direitos de televis\u00e3o ou patroc\u00ednio e transferidos diretamente para o clube Lan\u00fas.<\/em><\/p>\n<p style=\"padding-left: 60px;\"><em>3\u00ba. expressamente advertir o Gr\u00eamio Foot-Ball Porto Alegrense que, se repetido qualquer viola\u00e7\u00e3o do esporte da mesma ou similar natureza, o presente processo ser\u00e1 considerado como uma situa\u00e7\u00e3o agravante.<\/em><\/p>\n<p style=\"padding-left: 60px;\"><em>Esta decis\u00e3o pode ser objecto de recurso para o Tribunal de Apela\u00e7\u00f5es da CONMEBOL dentro de sete dias a partir do dia seguinte \u00e0 notifica\u00e7\u00e3o dos motivos para esta decis\u00e3o nos termos do art. 63.3 do Regulamento Disciplinar da CONMEBOL.<\/em><\/p>\n<p><img loading=\"lazy\" class=\"alignnone size-full wp-image-34959\" src=\"http:\/\/www.brazilianpress.com\/v1\/wp-content\/uploads\/2018\/07\/Gremio-lanus.jpg\" alt=\"\" width=\"800\" height=\"600\" srcset=\"https:\/\/www.brazilianpress.com\/v1\/wp-content\/uploads\/2018\/07\/Gremio-lanus.jpg 800w, https:\/\/www.brazilianpress.com\/v1\/wp-content\/uploads\/2018\/07\/Gremio-lanus-300x225.jpg 300w, https:\/\/www.brazilianpress.com\/v1\/wp-content\/uploads\/2018\/07\/Gremio-lanus-768x576.jpg 768w\" sizes=\"(max-width: 800px) 100vw, 800px\" \/><\/p>\n","protected":false},"excerpt":{"rendered":"<p>O Tribunal Disciplinar da Conmebol condenou o Gr\u00eamio a multa de US$ 63.325 (R$ 244 mil) por incidentes ocorridos na final da Libertadores, em 29 de novembro do ano passado, em jogo diante do Lan\u00fas. A pena se deve a dados nas instala\u00e7\u00f5es do Est\u00e1dio La Fortaleza. Conforme comunicado da Conmebol, a indeniza\u00e7\u00e3o sair\u00e1 dos direitos de transmiss\u00e3o e patroc\u00ednio. O valor ser\u00e1 transferido automaticamente aos cofres do Lan\u00fas. Em contato com o GloboEsporte.com, o diretor jur\u00eddico do Gr\u00eamio, Nestor Hein, recebeu com surpresa o valor, o qual considera elevado. O clube ga\u00facho deve recorrer da decis\u00e3o. &#8211; Se esses [&hellip;]<\/p>\n","protected":false},"author":1,"featured_media":34959,"comment_status":"open","ping_status":"open","sticky":false,"template":"","format":"standard","meta":{"_links_to":"","_links_to_target":""},"categories":[9,1],"tags":[],"views":1589,"_links":{"self":[{"href":"https:\/\/www.brazilianpress.com\/v1\/wp-json\/wp\/v2\/posts\/34958"}],"collection":[{"href":"https:\/\/www.brazilianpress.com\/v1\/wp-json\/wp\/v2\/posts"}],"about":[{"href":"https:\/\/www.brazilianpress.com\/v1\/wp-json\/wp\/v2\/types\/post"}],"author":[{"embeddable":true,"href":"https:\/\/www.brazilianpress.com\/v1\/wp-json\/wp\/v2\/users\/1"}],"replies":[{"embeddable":true,"href":"https:\/\/www.brazilianpress.com\/v1\/wp-json\/wp\/v2\/comments?post=34958"}],"version-history":[{"count":1,"href":"https:\/\/www.brazilianpress.com\/v1\/wp-json\/wp\/v2\/posts\/34958\/revisions"}],"predecessor-version":[{"id":34960,"href":"https:\/\/www.brazilianpress.com\/v1\/wp-json\/wp\/v2\/posts\/34958\/revisions\/34960"}],"wp:featuredmedia":[{"embeddable":true,"href":"https:\/\/www.brazilianpress.com\/v1\/wp-json\/wp\/v2\/media\/34959"}],"wp:attachment":[{"href":"https:\/\/www.brazilianpress.com\/v1\/wp-json\/wp\/v2\/media?parent=34958"}],"wp:term":[{"taxonomy":"category","embeddable":true,"href":"https:\/\/www.brazilianpress.com\/v1\/wp-json\/wp\/v2\/categories?post=34958"},{"taxonomy":"post_tag","embeddable":true,"href":"https:\/\/www.brazilianpress.com\/v1\/wp-json\/wp\/v2\/tags?post=34958"}],"curies":[{"name":"wp","href":"https:\/\/api.w.org\/{rel}","templated":true}]}}