{"id":34963,"date":"2018-07-05T14:12:42","date_gmt":"2018-07-05T18:12:42","guid":{"rendered":"http:\/\/www.brazilianpress.com\/v1\/?p=34963"},"modified":"2018-07-05T14:12:42","modified_gmt":"2018-07-05T18:12:42","slug":"imprensa-italiana-cita-interesse-do-torino-em-bremer-e-galo-espera-proposta-melhor","status":"publish","type":"post","link":"https:\/\/www.brazilianpress.com\/v1\/2018\/07\/05\/imprensa-italiana-cita-interesse-do-torino-em-bremer-e-galo-espera-proposta-melhor\/","title":{"rendered":"Imprensa italiana cita interesse do Torino em Bremer, e Galo espera proposta melhor"},"content":{"rendered":"<p>O zagueiro Bremer, de 21 anos, voltou a ser not\u00edcia na imprensa italiana nesta segunda-feira. O nome do defensor aparece na publica\u00e7\u00e3o de um site esportivo, informando que ele estaria na mira do Torino. E que o clube, inclusive, j\u00e1 sabe quanto teria de desembolsar pelo jogador: 2 milh\u00f5es de euros (cerca de R$ 9 milh\u00f5es). O Atl\u00e9tico-MG n\u00e3o confirma ter recebido proposta pelo zagueiro, mas os valores citados s\u00e3o considerados baixos. O clube alvinegro espera conseguir vender Bremer por um valor maior, perto do que conseguiu com\u00a0Jemerson, negociado por cerca de 10 milh\u00f5es de euros.<\/p>\n<p>Em abril deste ano, o jovem zagueiro teve o nome veiculado \u00e0 Roma. Na ocasi\u00e3o, o jornalista Andersinho Marques, brasileiro que trabalha em uma emissora de televis\u00e3o da It\u00e1lia, not\u00edciou que um representante da diretoria italiana teria entrado em contato com o diretor de futebol do Atl\u00e9tico-MG, Alexandre Gallo. Segundo ele,\u00a0Bremer estava sendo monitorado desde que se destacou na campanha campe\u00e3 do Galo na Copa do Brasil Sub-20, no ano passado. O baiano Bremer come\u00e7ou nas categorias de base do S\u00e3o Paulo. Foi levado para o Atl\u00e9tico-MG no ano passado pelo ent\u00e3o coordenador das categorias de base do Galo, Andr\u00e9 Figueiredo.<\/p>\n","protected":false},"excerpt":{"rendered":"<p>O zagueiro Bremer, de 21 anos, voltou a ser not\u00edcia na imprensa italiana nesta segunda-feira. O nome do defensor aparece na publica\u00e7\u00e3o de um site esportivo, informando que ele estaria na mira do Torino. E que o clube, inclusive, j\u00e1 sabe quanto teria de desembolsar pelo jogador: 2 milh\u00f5es de euros (cerca de R$ 9 milh\u00f5es). O Atl\u00e9tico-MG n\u00e3o confirma ter recebido proposta pelo zagueiro, mas os valores citados s\u00e3o considerados baixos. O clube alvinegro espera conseguir vender Bremer por um valor maior, perto do que conseguiu com\u00a0Jemerson, negociado por cerca de 10 milh\u00f5es de euros. Em abril deste ano, [&hellip;]<\/p>\n","protected":false},"author":1,"featured_media":34964,"comment_status":"open","ping_status":"open","sticky":false,"template":"","format":"standard","meta":{"_links_to":"","_links_to_target":""},"categories":[9,1],"tags":[],"views":1285,"_links":{"self":[{"href":"https:\/\/www.brazilianpress.com\/v1\/wp-json\/wp\/v2\/posts\/34963"}],"collection":[{"href":"https:\/\/www.brazilianpress.com\/v1\/wp-json\/wp\/v2\/posts"}],"about":[{"href":"https:\/\/www.brazilianpress.com\/v1\/wp-json\/wp\/v2\/types\/post"}],"author":[{"embeddable":true,"href":"https:\/\/www.brazilianpress.com\/v1\/wp-json\/wp\/v2\/users\/1"}],"replies":[{"embeddable":true,"href":"https:\/\/www.brazilianpress.com\/v1\/wp-json\/wp\/v2\/comments?post=34963"}],"version-history":[{"count":1,"href":"https:\/\/www.brazilianpress.com\/v1\/wp-json\/wp\/v2\/posts\/34963\/revisions"}],"predecessor-version":[{"id":34965,"href":"https:\/\/www.brazilianpress.com\/v1\/wp-json\/wp\/v2\/posts\/34963\/revisions\/34965"}],"wp:featuredmedia":[{"embeddable":true,"href":"https:\/\/www.brazilianpress.com\/v1\/wp-json\/wp\/v2\/media\/34964"}],"wp:attachment":[{"href":"https:\/\/www.brazilianpress.com\/v1\/wp-json\/wp\/v2\/media?parent=34963"}],"wp:term":[{"taxonomy":"category","embeddable":true,"href":"https:\/\/www.brazilianpress.com\/v1\/wp-json\/wp\/v2\/categories?post=34963"},{"taxonomy":"post_tag","embeddable":true,"href":"https:\/\/www.brazilianpress.com\/v1\/wp-json\/wp\/v2\/tags?post=34963"}],"curies":[{"name":"wp","href":"https:\/\/api.w.org\/{rel}","templated":true}]}}