{"id":34969,"date":"2018-07-05T14:16:47","date_gmt":"2018-07-05T18:16:47","guid":{"rendered":"http:\/\/www.brazilianpress.com\/v1\/?p=34969"},"modified":"2018-07-05T14:16:47","modified_gmt":"2018-07-05T18:16:47","slug":"um-brasileiro-que-era-tripulante-de-navio-e-estava-sumido-na-italia-reaparece","status":"publish","type":"post","link":"https:\/\/www.brazilianpress.com\/v1\/2018\/07\/05\/um-brasileiro-que-era-tripulante-de-navio-e-estava-sumido-na-italia-reaparece\/","title":{"rendered":"Um brasileiro que era tripulante de navio e estava sumido na It\u00e1lia reaparece"},"content":{"rendered":"<p>O brasileiro tripulante de um navio de cruzeiro da empresa espanhola Pullmantur que estava desaparecido na It\u00e1lia desde 20 de junho foi encontrado. C\u00edcero de Andrade, 27 anos, havia sumido durante uma parada em Civitavecchia, cidade litor\u00e2nea situada nos arredores de Roma, capital da It\u00e1lia, onde ele foi achado. Andrade passa bem e voltar\u00e1 para o Brasil.<\/p>\n<p>O reaparecimento foi informado por meio de um comunicado da Pullmantur. &#8220;Agora todos os nossos esfor\u00e7os se concentram em promover seu regresso para casa&#8221;, diz a nota, acrescentando que a empresa est\u00e1 em &#8220;permanente contato com a fam\u00edlia e as autoridades&#8221;.\u00a0\u00a0\u00a0 Andrade trabalhava no navio Sovereign e havia embarcado em fevereiro passado. Segundo seu irm\u00e3o, Glauber Andrade, ele nunca dera ind\u00edcios de que poderia fugir. Os motivos do desaparecimento ainda s\u00e3o desconhecidos.<\/p>\n","protected":false},"excerpt":{"rendered":"<p>O brasileiro tripulante de um navio de cruzeiro da empresa espanhola Pullmantur que estava desaparecido na It\u00e1lia desde 20 de junho foi encontrado. C\u00edcero de Andrade, 27 anos, havia sumido durante uma parada em Civitavecchia, cidade litor\u00e2nea situada nos arredores de Roma, capital da It\u00e1lia, onde ele foi achado. Andrade passa bem e voltar\u00e1 para o Brasil. O reaparecimento foi informado por meio de um comunicado da Pullmantur. &#8220;Agora todos os nossos esfor\u00e7os se concentram em promover seu regresso para casa&#8221;, diz a nota, acrescentando que a empresa est\u00e1 em &#8220;permanente contato com a fam\u00edlia e as autoridades&#8221;.\u00a0\u00a0\u00a0 Andrade trabalhava [&hellip;]<\/p>\n","protected":false},"author":1,"featured_media":34970,"comment_status":"open","ping_status":"open","sticky":false,"template":"","format":"standard","meta":{"_links_to":"","_links_to_target":""},"categories":[8,1],"tags":[],"views":1565,"_links":{"self":[{"href":"https:\/\/www.brazilianpress.com\/v1\/wp-json\/wp\/v2\/posts\/34969"}],"collection":[{"href":"https:\/\/www.brazilianpress.com\/v1\/wp-json\/wp\/v2\/posts"}],"about":[{"href":"https:\/\/www.brazilianpress.com\/v1\/wp-json\/wp\/v2\/types\/post"}],"author":[{"embeddable":true,"href":"https:\/\/www.brazilianpress.com\/v1\/wp-json\/wp\/v2\/users\/1"}],"replies":[{"embeddable":true,"href":"https:\/\/www.brazilianpress.com\/v1\/wp-json\/wp\/v2\/comments?post=34969"}],"version-history":[{"count":1,"href":"https:\/\/www.brazilianpress.com\/v1\/wp-json\/wp\/v2\/posts\/34969\/revisions"}],"predecessor-version":[{"id":34971,"href":"https:\/\/www.brazilianpress.com\/v1\/wp-json\/wp\/v2\/posts\/34969\/revisions\/34971"}],"wp:featuredmedia":[{"embeddable":true,"href":"https:\/\/www.brazilianpress.com\/v1\/wp-json\/wp\/v2\/media\/34970"}],"wp:attachment":[{"href":"https:\/\/www.brazilianpress.com\/v1\/wp-json\/wp\/v2\/media?parent=34969"}],"wp:term":[{"taxonomy":"category","embeddable":true,"href":"https:\/\/www.brazilianpress.com\/v1\/wp-json\/wp\/v2\/categories?post=34969"},{"taxonomy":"post_tag","embeddable":true,"href":"https:\/\/www.brazilianpress.com\/v1\/wp-json\/wp\/v2\/tags?post=34969"}],"curies":[{"name":"wp","href":"https:\/\/api.w.org\/{rel}","templated":true}]}}