{"id":34972,"date":"2018-07-05T14:20:25","date_gmt":"2018-07-05T18:20:25","guid":{"rendered":"http:\/\/www.brazilianpress.com\/v1\/?p=34972"},"modified":"2018-07-05T14:20:25","modified_gmt":"2018-07-05T18:20:25","slug":"russia-abre-inquerito-contra-brasileiros-que-constrangeram-mulher","status":"publish","type":"post","link":"https:\/\/www.brazilianpress.com\/v1\/2018\/07\/05\/russia-abre-inquerito-contra-brasileiros-que-constrangeram-mulher\/","title":{"rendered":"R\u00fassia abre inqu\u00e9rito contra brasileiros que constrangeram mulher"},"content":{"rendered":"<p>O Minist\u00e9rio do Interior da R\u00fassia abriu um inqu\u00e9rito formal contra os brasileiros que, nos primeiros dias da Copa do Mundo, constrangeram uma mulher em Moscou, num v\u00eddeo que difundiram pela internet. A decis\u00e3o do governo foi uma rea\u00e7\u00e3o \u00e0 den\u00fancia apresentada pela advogada e ativista russa, Alyona Popova. Numa carta endere\u00e7ada a ela, a pol\u00edcia de Moscou confirmou que iniciou investiga\u00e7\u00f5es.<\/p>\n<p>O documento, obtido pelo jornal O Estado de S. Paulo, \u00e9 de segunda-feira (2), e indica que um registro especial foi dado ao caso, dentro do Minist\u00e9rio do Interior. As autoridades tinham um m\u00eas para dar uma resposta \u00e0 ativista, o que significava que tinham um prazo at\u00e9 20 de julho para tomar uma decis\u00e3o. Mas anteciparam o processo e, em apenas dez dias, optaram por iniciar o caso. Na carta enviada ao governo, a ativista considerava que &#8220;cidad\u00e3os estrangeiros deveriam pedir desculpas publicamente para a menina e \u00e0 todos os cidad\u00e3os russos diante do sexismo, da falta de respeito \u00e0s leis da Federa\u00e7\u00e3o Russa, o desrespeito por um cidad\u00e3o russo, insultos, humilha\u00e7\u00e3o da honra e dignidade de um grupo de pessoas com base em seu g\u00eanero.&#8221;<\/p>\n<p><img src=\"https:\/\/www.cartacapital.com.br\/diversidade\/assedio-nao-e-brincadeira-no-brasil-video-machista-renderia-multa\/machistas-copa-russia.jpg\/@@images\/8d3012ad-1135-4ac7-b937-32e26cf258b6.jpeg\" alt=\"Resultado de imagem para assedio brasileiros russia\" \/><\/p>\n<p>Caso sejam considerados culpados, os brasileiros podem sofrer san\u00e7\u00f5es que v\u00e3o desde multas at\u00e9 a proibi\u00e7\u00e3o de entrarem em territ\u00f3rio russo. Num texto publicado pela ativista, ela alerta que um dos envolvidos tinha um cargo p\u00fablico e que &#8220;n\u00e3o podem humilhar&#8221; a mulher russa. Ela se referia ao tenente da Pol\u00edcia Militar de Santa Catarina Eduardo Nunes, um dos identificados no v\u00eddeo. Segundo a advogada, a ofensa tem uma rela\u00e7\u00e3o direta com &#8220;nacionalidade e g\u00eanero&#8221;. &#8220;Gostaria que esses cidad\u00e3os fossem punidos&#8221;, escreveu. Na semana passada, o CEO da Copa, Alexey Sorokin, surpreendeu ao dizer que desconhecia os casos de ass\u00e9dio sexual por parte dos torcedores.<\/p>\n","protected":false},"excerpt":{"rendered":"<p>O Minist\u00e9rio do Interior da R\u00fassia abriu um inqu\u00e9rito formal contra os brasileiros que, nos primeiros dias da Copa do Mundo, constrangeram uma mulher em Moscou, num v\u00eddeo que difundiram pela internet. A decis\u00e3o do governo foi uma rea\u00e7\u00e3o \u00e0 den\u00fancia apresentada pela advogada e ativista russa, Alyona Popova. Numa carta endere\u00e7ada a ela, a pol\u00edcia de Moscou confirmou que iniciou investiga\u00e7\u00f5es. O documento, obtido pelo jornal O Estado de S. Paulo, \u00e9 de segunda-feira (2), e indica que um registro especial foi dado ao caso, dentro do Minist\u00e9rio do Interior. As autoridades tinham um m\u00eas para dar uma resposta [&hellip;]<\/p>\n","protected":false},"author":1,"featured_media":34974,"comment_status":"open","ping_status":"open","sticky":false,"template":"","format":"standard","meta":{"_links_to":"","_links_to_target":""},"categories":[8,1],"tags":[],"views":1540,"_links":{"self":[{"href":"https:\/\/www.brazilianpress.com\/v1\/wp-json\/wp\/v2\/posts\/34972"}],"collection":[{"href":"https:\/\/www.brazilianpress.com\/v1\/wp-json\/wp\/v2\/posts"}],"about":[{"href":"https:\/\/www.brazilianpress.com\/v1\/wp-json\/wp\/v2\/types\/post"}],"author":[{"embeddable":true,"href":"https:\/\/www.brazilianpress.com\/v1\/wp-json\/wp\/v2\/users\/1"}],"replies":[{"embeddable":true,"href":"https:\/\/www.brazilianpress.com\/v1\/wp-json\/wp\/v2\/comments?post=34972"}],"version-history":[{"count":1,"href":"https:\/\/www.brazilianpress.com\/v1\/wp-json\/wp\/v2\/posts\/34972\/revisions"}],"predecessor-version":[{"id":34975,"href":"https:\/\/www.brazilianpress.com\/v1\/wp-json\/wp\/v2\/posts\/34972\/revisions\/34975"}],"wp:featuredmedia":[{"embeddable":true,"href":"https:\/\/www.brazilianpress.com\/v1\/wp-json\/wp\/v2\/media\/34974"}],"wp:attachment":[{"href":"https:\/\/www.brazilianpress.com\/v1\/wp-json\/wp\/v2\/media?parent=34972"}],"wp:term":[{"taxonomy":"category","embeddable":true,"href":"https:\/\/www.brazilianpress.com\/v1\/wp-json\/wp\/v2\/categories?post=34972"},{"taxonomy":"post_tag","embeddable":true,"href":"https:\/\/www.brazilianpress.com\/v1\/wp-json\/wp\/v2\/tags?post=34972"}],"curies":[{"name":"wp","href":"https:\/\/api.w.org\/{rel}","templated":true}]}}