{"id":34976,"date":"2018-07-05T14:21:22","date_gmt":"2018-07-05T18:21:22","guid":{"rendered":"http:\/\/www.brazilianpress.com\/v1\/?p=34976"},"modified":"2018-07-05T14:21:22","modified_gmt":"2018-07-05T18:21:22","slug":"onu-lista-7-falhas-no-combate-a-pobreza-extrema-nos-eua-e-governo-trump-contesta","status":"publish","type":"post","link":"https:\/\/www.brazilianpress.com\/v1\/2018\/07\/05\/onu-lista-7-falhas-no-combate-a-pobreza-extrema-nos-eua-e-governo-trump-contesta\/","title":{"rendered":"ONU lista 7 falhas no combate \u00e0 pobreza extrema nos EUA e governo Trump contesta"},"content":{"rendered":"<p>Sua riqueza e conhecimento contrastam de forma chocante com as condi\u00e7\u00f5es em que vive grande parte dos cidad\u00e3os. Cerca de 40 milh\u00f5es de pessoas vivem na pobreza, 18,5 milh\u00f5es, na pobreza extrema e 5,3 milh\u00f5es em condi\u00e7\u00f5es de pobreza extrema t\u00edpicas do terceiro mundo.&#8221;<\/p>\n<p>A afirma\u00e7\u00e3o se refere aos Estados Unidos e foi feita pelo relator especial sobre pobreza extrema e direitos humanos da Organiza\u00e7\u00e3o das Na\u00e7\u00f5es Unidas (ONU), Philip G. Alston, em um documento do final de 2017, ap\u00f3s ele viajar 15 dias pelo pa\u00eds.<\/p>\n<p>O texto faz uma cr\u00edtica escancarada \u00e0 maior pot\u00eancia mundial e aponta problemas como a crescente desigualdade, a persist\u00eancia do racismo e a exist\u00eancia de um vi\u00e9s daqueles que est\u00e3o no poder contra os mais pobres e desfavorecidos.<\/p>\n<p>&#8220;Num pa\u00eds rico como os Estados Unidos, a persist\u00eancia da pobreza extrema \u00e9 uma decis\u00e3o daqueles que est\u00e3o no poder. Com vontade pol\u00edtica, poderia ser facilmente eliminada&#8221;, diz Alston.<\/p>\n<p>O informe diz que h\u00e1 uma s\u00e9rie de ingredientes indispens\u00e1veis a uma pol\u00edtica eficaz de elimina\u00e7\u00e3o de pobreza, como uma pol\u00edtica de pleno emprego, prote\u00e7\u00e3o social aos mais vulner\u00e1veis, um sistema de justi\u00e7a efetivo, igualdade racial e de g\u00eanero. &#8220;Os Estados Unidos v\u00e3o mal em cada uma dessas medidas.&#8221;<\/p>\n<p>O relat\u00f3rio de Alston foi apresentado ao Conselho de Direitos Humanos da ONU e criticado pelo governo de Donald Trump.<\/p>\n<p>Representantes do governo americano discordam dos pontos levantados pelo relator. Dizem que o texto tem dados &#8220;exagerados&#8221; e que o n\u00famero de pessoas na extrema pobreza n\u00e3o \u00e9 de 18,5 milh\u00f5es, mas de cerca de 250 mil.<\/p>\n<p>A embaixadora dos Estados Unidos na ONU, Nikki Haley, disse que o documento \u00e9 enganoso e tem motiva\u00e7\u00f5es pol\u00edticas. Acusou o relator de &#8220;desperdi\u00e7ar&#8221; recursos da ONU para investigar a pobreza &#8220;no pa\u00eds mais rico e livre do mundo&#8221;, em vez de se concentrar em pa\u00edses onde governos provocam sofrimento em sua pr\u00f3pria popula\u00e7\u00e3o, como Burundi e a Rep\u00fablica Democr\u00e1tica do Congo.<\/p>\n","protected":false},"excerpt":{"rendered":"<p>Sua riqueza e conhecimento contrastam de forma chocante com as condi\u00e7\u00f5es em que vive grande parte dos cidad\u00e3os. Cerca de 40 milh\u00f5es de pessoas vivem na pobreza, 18,5 milh\u00f5es, na pobreza extrema e 5,3 milh\u00f5es em condi\u00e7\u00f5es de pobreza extrema t\u00edpicas do terceiro mundo.&#8221; A afirma\u00e7\u00e3o se refere aos Estados Unidos e foi feita pelo relator especial sobre pobreza extrema e direitos humanos da Organiza\u00e7\u00e3o das Na\u00e7\u00f5es Unidas (ONU), Philip G. Alston, em um documento do final de 2017, ap\u00f3s ele viajar 15 dias pelo pa\u00eds. O texto faz uma cr\u00edtica escancarada \u00e0 maior pot\u00eancia mundial e aponta problemas como [&hellip;]<\/p>\n","protected":false},"author":1,"featured_media":28578,"comment_status":"open","ping_status":"open","sticky":false,"template":"","format":"standard","meta":{"_links_to":"","_links_to_target":""},"categories":[8,1],"tags":[],"views":1652,"_links":{"self":[{"href":"https:\/\/www.brazilianpress.com\/v1\/wp-json\/wp\/v2\/posts\/34976"}],"collection":[{"href":"https:\/\/www.brazilianpress.com\/v1\/wp-json\/wp\/v2\/posts"}],"about":[{"href":"https:\/\/www.brazilianpress.com\/v1\/wp-json\/wp\/v2\/types\/post"}],"author":[{"embeddable":true,"href":"https:\/\/www.brazilianpress.com\/v1\/wp-json\/wp\/v2\/users\/1"}],"replies":[{"embeddable":true,"href":"https:\/\/www.brazilianpress.com\/v1\/wp-json\/wp\/v2\/comments?post=34976"}],"version-history":[{"count":1,"href":"https:\/\/www.brazilianpress.com\/v1\/wp-json\/wp\/v2\/posts\/34976\/revisions"}],"predecessor-version":[{"id":34977,"href":"https:\/\/www.brazilianpress.com\/v1\/wp-json\/wp\/v2\/posts\/34976\/revisions\/34977"}],"wp:featuredmedia":[{"embeddable":true,"href":"https:\/\/www.brazilianpress.com\/v1\/wp-json\/wp\/v2\/media\/28578"}],"wp:attachment":[{"href":"https:\/\/www.brazilianpress.com\/v1\/wp-json\/wp\/v2\/media?parent=34976"}],"wp:term":[{"taxonomy":"category","embeddable":true,"href":"https:\/\/www.brazilianpress.com\/v1\/wp-json\/wp\/v2\/categories?post=34976"},{"taxonomy":"post_tag","embeddable":true,"href":"https:\/\/www.brazilianpress.com\/v1\/wp-json\/wp\/v2\/tags?post=34976"}],"curies":[{"name":"wp","href":"https:\/\/api.w.org\/{rel}","templated":true}]}}